{"id":9907,"date":"2024-07-15T14:35:14","date_gmt":"2024-07-15T17:35:14","guid":{"rendered":"https:\/\/suburbionoar.com.br\/?p=9907"},"modified":"2024-07-15T14:35:15","modified_gmt":"2024-07-15T17:35:15","slug":"capitao-da-inglaterra-kane-admite-coracao-partido-com-vice-da-eurocopa","status":"publish","type":"post","link":"https:\/\/suburbionoar.com.br\/index.php\/2024\/07\/15\/capitao-da-inglaterra-kane-admite-coracao-partido-com-vice-da-eurocopa\/","title":{"rendered":"Capit\u00e3o da Inglaterra, Kane admite &#8216;cora\u00e7\u00e3o partido&#8217; com vice da Eurocopa"},"content":{"rendered":"\n<p id=\"paragrafo-26d2tvxy4u\">Capit\u00e3o da sele\u00e7\u00e3o inglesa, Harry Kane amargou mais uma decep\u00e7\u00e3o no \u00faltimo domingo (14), ao cair pela segunda edi\u00e7\u00e3o seguida na decis\u00e3o. Depois e perder em Wembley h\u00e1 tr\u00eas anos diante da It\u00e1lia, nos p\u00eanaltis, viu a esquadra nacional sofreu um gol na reta final, em Berlim, e ser superada pela Espanha, por 2&#215;1. Depois de deixar o Est\u00e1dio Ol\u00edmpico em sil\u00eancio, ele usou as redes sociais para mandar uma mensagem \u00e0 torcida.<\/p>\n\n\n\n<p id=\"paragrafo-f1oxiczzgj\">&#8220;De cora\u00e7\u00e3o partido, n\u00e3o conseguimos alcan\u00e7ar o que trabalhamos tanto. Foi um torneio longo e dif\u00edcil e estou muito orgulhoso dos meninos e da equipe por terem chegado \u00e0 final&#8221;, iniciou seu texto o artilheiro, que continua sem conquistas na carreira.<\/p>\n\n\n\n<p id=\"paragrafo-wa1vr9jxnr\">Campe\u00e3 do mundo em 1966, a Inglaterra passa mais uma temporada com e jejum de t\u00edtulos, agora de 58 anos. A campanha na Alemanha, contudo, foi bem aqu\u00e9m do esperada, apesar da ida \u00e0 decis\u00e3o. Depois de ganhar por 1 a 0 da S\u00e9rvia na estreia, foram dois empates seguidos diante de Dinamarca e Eslov\u00eania.<\/p>\n\n\n\n<p id=\"paragrafo-0t27ytqlcr\">A equipe avan\u00e7ou sob enormes cr\u00edticas ao trabalho do t\u00e9cnico Gareth Southgate. Nas oitavas, vit\u00f3ria apertada sobre a Eslov\u00e1quia, com gol de Kane nos acr\u00e9scimos do segundo tempo. A sele\u00e7\u00e3o s\u00f3 eliminou a Su\u00ed\u00e7a nos p\u00eanaltis e nas semifinais passou pela Holanda tamb\u00e9m anotando no fim, antes de ser envolvida pela Espanha na busca pelo trof\u00e9u.<\/p>\n\n\n\n<p id=\"paragrafo-w7d72z0bu6\">Sem muito tempo a lamentar, j\u00e1 com compromisso da Liga das Na\u00e7\u00f5es em setembro, contra Irlanda e Finl\u00e2ndia, Kane mostra confian\u00e7a em volta por cima da sele\u00e7\u00e3o inglesa.<\/p>\n\n\n\n<p id=\"paragrafo-9wxpz7574a\">&#8220;No final das contas, ficamos aqu\u00e9m do nosso objetivo e teremos que conviver com isso, mas como sempre fazemos, vamos nos levantar, sacudir a poeira e estar prontos para lutar novamente com a camisa da Inglaterra. Obrigado a todos os f\u00e3s que acreditaram em n\u00f3s e nos apoiaram at\u00e9 o fim!&#8221;.<\/p>\n\n\n\n<p>Fonte: Jornal Correio <\/p>\n","protected":false},"excerpt":{"rendered":"<p>Capit\u00e3o da sele\u00e7\u00e3o inglesa, Harry Kane amargou mais uma decep\u00e7\u00e3o no \u00faltimo domingo (14), ao cair pela segunda edi\u00e7\u00e3o seguida na decis\u00e3o. Depois e perder em Wembley h\u00e1 tr\u00eas anos diante da It\u00e1lia, nos p\u00eanaltis, viu a esquadra nacional sofreu um gol na reta final, em Berlim, e ser superada pela Espanha, por 2&#215;1. Depois [&hellip;]<\/p>\n","protected":false},"author":2,"featured_media":9908,"comment_status":"open","ping_status":"open","sticky":false,"template":"","format":"standard","meta":{"footnotes":""},"categories":[89],"tags":[],"class_list":["post-9907","post","type-post","status-publish","format-standard","has-post-thumbnail","hentry","category-esportes"],"_links":{"self":[{"href":"https:\/\/suburbionoar.com.br\/index.php\/wp-json\/wp\/v2\/posts\/9907","targetHints":{"allow":["GET"]}}],"collection":[{"href":"https:\/\/suburbionoar.com.br\/index.php\/wp-json\/wp\/v2\/posts"}],"about":[{"href":"https:\/\/suburbionoar.com.br\/index.php\/wp-json\/wp\/v2\/types\/post"}],"author":[{"embeddable":true,"href":"https:\/\/suburbionoar.com.br\/index.php\/wp-json\/wp\/v2\/users\/2"}],"replies":[{"embeddable":true,"href":"https:\/\/suburbionoar.com.br\/index.php\/wp-json\/wp\/v2\/comments?post=9907"}],"version-history":[{"count":1,"href":"https:\/\/suburbionoar.com.br\/index.php\/wp-json\/wp\/v2\/posts\/9907\/revisions"}],"predecessor-version":[{"id":9909,"href":"https:\/\/suburbionoar.com.br\/index.php\/wp-json\/wp\/v2\/posts\/9907\/revisions\/9909"}],"wp:featuredmedia":[{"embeddable":true,"href":"https:\/\/suburbionoar.com.br\/index.php\/wp-json\/wp\/v2\/media\/9908"}],"wp:attachment":[{"href":"https:\/\/suburbionoar.com.br\/index.php\/wp-json\/wp\/v2\/media?parent=9907"}],"wp:term":[{"taxonomy":"category","embeddable":true,"href":"https:\/\/suburbionoar.com.br\/index.php\/wp-json\/wp\/v2\/categories?post=9907"},{"taxonomy":"post_tag","embeddable":true,"href":"https:\/\/suburbionoar.com.br\/index.php\/wp-json\/wp\/v2\/tags?post=9907"}],"curies":[{"name":"wp","href":"https:\/\/api.w.org\/{rel}","templated":true}]}}