{"id":9901,"date":"2024-07-15T11:12:43","date_gmt":"2024-07-15T14:12:43","guid":{"rendered":"https:\/\/suburbionoar.com.br\/?p=9901"},"modified":"2024-07-15T11:12:44","modified_gmt":"2024-07-15T14:12:44","slug":"relembre-outros-casos-de-agressao-envolvendo-organizada-e-jogadores","status":"publish","type":"post","link":"https:\/\/suburbionoar.com.br\/index.php\/2024\/07\/15\/relembre-outros-casos-de-agressao-envolvendo-organizada-e-jogadores\/","title":{"rendered":"Relembre outros casos de agress\u00e3o envolvendo organizada e jogadores"},"content":{"rendered":"\n<p>Incubidos da responsabilidade de levantar os torcedores nos est\u00e1dios, as&nbsp;torcidas organizadas&nbsp;tamb\u00e9m s\u00e3o, na grande maioria das vezes, atribu\u00eddas como principais culpadas pelas confus\u00f5es, brigas e vandalismo que acontecem foram dos equipamentos futebol\u00edsticos espalhados pelo Brasil.<\/p>\n\n\n\n<p>Na noite deste domingo, por exemplo, membros da Torcida Uniformizada os Imbat\u00edveis (TUI) teriam&nbsp;encurralado os volantes Dudu e Rodrigo Andrade, do Vit\u00f3ria, em um bar na localidade de Canabrava, em Salvador.<\/p>\n\n\n\n<p>A&nbsp;falta de comprometimento e quest\u00f5es extracampo&nbsp;envolvendo os atletas teriam sido o fator motivador para o ato de vandalismo. Na ocasi\u00e3o,&nbsp;Dudu teria sido agredido&nbsp;pelo grupo e ainda teve o carro destru\u00eddo pelos indiv\u00edduos. Rodrigo Andrade conseguiu se esconder e um&nbsp;segundo carro, de uma moradora da regi\u00e3o, tamb\u00e9m foi danificado.<\/p>\n\n\n\n<p>Essa n\u00e3o foi a primeira vez \u2014 e nem vai ser a \u00faltima \u2014 em que membros de torcidas organizadas se envolvem em briga com jogadores, comiss\u00e3o t\u00e9cnica ou dirigentes de clubes de futebol. Relembre outros casos:<\/p>\n\n\n\n<p><strong>Bomba em \u00f4nibus no Bahia<\/strong><\/p>\n\n\n\n<p>Um dos casos mais emblem\u00e1ticos na hist\u00f3ria recente do futebol baiano aconteceu em 2022 e envolveu o&nbsp;\u00f4nibus do Bahia, que chegava na Arena Fonte Nova&nbsp;para uma partida contra o Sampaio Corr\u00eaa, pela Copa do Nordeste. Na ocasi\u00e3o, um artefato explosivo foi arremessado contra o ve\u00edculo, que teve janelas explodidas e jogadores atingidos pelos estilha\u00e7os de vidro.<\/p>\n\n\n\n<p>O goleiro Danilo Fernandes foi o maior prejudicado, com ferimentos s\u00e9rios no rosto, tendo que passar por cirurgia e ficando de fora em boa parte da temporada. O lateral Matheus Bahia tamb\u00e9m teve machucados leves no bra\u00e7o e o atacante Marcelo Cirino pediu para deixar o clube por quest\u00f5es psicol\u00f3gicas.<\/p>\n\n\n\n<p><strong>Atentado em \u00f4nibus do Fortaleza<\/strong><\/p>\n\n\n\n<p>Quase dois anos depois, em 2024, uma situa\u00e7\u00e3o muito parecida. Dessa vez, o&nbsp;ve\u00edculo que transportava a delega\u00e7\u00e3o do Fortaleza foi apedrejado&nbsp;na sa\u00edda da Arena Pernambuco, ap\u00f3s uma partida contra o Sport. Seis jogadores ficaram feridos e precisaram ser encaminhados ao hospital.<\/p>\n\n\n\n<p>Segundo o Fortaleza, os atletas feridos foram Titi, Br\u00edtez, Jo\u00e3o Ricardo, Sasha, Dudu e Escobar, que precisaram ser levados ao Real Hospital Portugu\u00eas, na capital pernambucana.<\/p>\n\n\n\n<p><strong>Luan em motel<\/strong><\/p>\n\n\n\n<p>Ex-meia do Vit\u00f3ria, o jogador Luan Guilherme&nbsp;tamb\u00e9m passou por uma situa\u00e7\u00e3o conturbada envolvendo membros de torcida organizada no per\u00edodo em que defendia as cores do Corinthians, em 2023. O caso aconteceu em um motel localizado na Zona Oeste de S\u00e3o Paulo. Na ocasi\u00e3o, o atleta teria sido encurralado por membros da Gavi\u00f5es da Fiel, que pediam a sa\u00edda dele do clube, e agredido com tapas na sa\u00edda do motel.<\/p>\n\n\n\n<p><strong>Jogadores do Palmeiras no aeroporto<\/strong><\/p>\n\n\n\n<p>H\u00e1 mais de 10 anos, um marcante epis\u00f3dio tamb\u00e9m aconteceu envolvendo&nbsp;torcedores do Palmeiras em aeroporto&nbsp;de Buenos Aires, na Argentina. Os atletas aguardavam o embarque quando foram abordados por um grupo de 12 membros da Mancha Verde revoltados com a derrota por 1 a 0 para o Tigre, pela Libertadores.<\/p>\n\n\n\n<p>Os principais alvos da cobran\u00e7a foram o volante Wesley e o meia Vald\u00edvia. No caso do chileno, a revolta foi ainda maior, com os torcedores quebrando copos e pratos da lanchonete em que ele estava tomando caf\u00e9 no aeroporto. Um peda\u00e7o de vidro chegou a atingir o goleiro Fernando Prass, que acabou sofrendo um corte na orelha.<\/p>\n\n\n\n<p>Fonte: A Tarde<\/p>\n","protected":false},"excerpt":{"rendered":"<p>Incubidos da responsabilidade de levantar os torcedores nos est\u00e1dios, as&nbsp;torcidas organizadas&nbsp;tamb\u00e9m s\u00e3o, na grande maioria das vezes, atribu\u00eddas como principais culpadas pelas confus\u00f5es, brigas e vandalismo que acontecem foram dos equipamentos futebol\u00edsticos espalhados pelo Brasil. Na noite deste domingo, por exemplo, membros da Torcida Uniformizada os Imbat\u00edveis (TUI) teriam&nbsp;encurralado os volantes Dudu e Rodrigo Andrade, [&hellip;]<\/p>\n","protected":false},"author":2,"featured_media":9902,"comment_status":"open","ping_status":"open","sticky":false,"template":"","format":"standard","meta":{"footnotes":""},"categories":[89],"tags":[],"class_list":["post-9901","post","type-post","status-publish","format-standard","has-post-thumbnail","hentry","category-esportes"],"_links":{"self":[{"href":"https:\/\/suburbionoar.com.br\/index.php\/wp-json\/wp\/v2\/posts\/9901","targetHints":{"allow":["GET"]}}],"collection":[{"href":"https:\/\/suburbionoar.com.br\/index.php\/wp-json\/wp\/v2\/posts"}],"about":[{"href":"https:\/\/suburbionoar.com.br\/index.php\/wp-json\/wp\/v2\/types\/post"}],"author":[{"embeddable":true,"href":"https:\/\/suburbionoar.com.br\/index.php\/wp-json\/wp\/v2\/users\/2"}],"replies":[{"embeddable":true,"href":"https:\/\/suburbionoar.com.br\/index.php\/wp-json\/wp\/v2\/comments?post=9901"}],"version-history":[{"count":1,"href":"https:\/\/suburbionoar.com.br\/index.php\/wp-json\/wp\/v2\/posts\/9901\/revisions"}],"predecessor-version":[{"id":9903,"href":"https:\/\/suburbionoar.com.br\/index.php\/wp-json\/wp\/v2\/posts\/9901\/revisions\/9903"}],"wp:featuredmedia":[{"embeddable":true,"href":"https:\/\/suburbionoar.com.br\/index.php\/wp-json\/wp\/v2\/media\/9902"}],"wp:attachment":[{"href":"https:\/\/suburbionoar.com.br\/index.php\/wp-json\/wp\/v2\/media?parent=9901"}],"wp:term":[{"taxonomy":"category","embeddable":true,"href":"https:\/\/suburbionoar.com.br\/index.php\/wp-json\/wp\/v2\/categories?post=9901"},{"taxonomy":"post_tag","embeddable":true,"href":"https:\/\/suburbionoar.com.br\/index.php\/wp-json\/wp\/v2\/tags?post=9901"}],"curies":[{"name":"wp","href":"https:\/\/api.w.org\/{rel}","templated":true}]}}