{"id":9818,"date":"2024-07-08T10:51:49","date_gmt":"2024-07-08T13:51:49","guid":{"rendered":"https:\/\/suburbionoar.com.br\/?p=9818"},"modified":"2024-07-08T10:51:53","modified_gmt":"2024-07-08T13:51:53","slug":"av-dorival-caymmi-tera-requalificacao-de-r-10-milhoes-veja-detalhes","status":"publish","type":"post","link":"https:\/\/suburbionoar.com.br\/index.php\/2024\/07\/08\/av-dorival-caymmi-tera-requalificacao-de-r-10-milhoes-veja-detalhes\/","title":{"rendered":"Av. Dorival Caymmi ter\u00e1 requalifica\u00e7\u00e3o de R$ 10 milh\u00f5es; veja detalhes"},"content":{"rendered":"\n<p>Configurada uma das vias mais importantes da capital baiana, a Avenida Dorival Caymmi, passar\u00e1 por uma requalifica\u00e7\u00e3o urbana. A prefeitura de Salvador investir\u00e1 mais de R$ 10,9 milh\u00f5es para atender as melhorias da regi\u00e3o.<\/p>\n\n\n\n<p>Conforme o documento que detalha o projeto, a empresa contratada para realiza\u00e7\u00e3o do servi\u00e7o, ter\u00e1 um prazo de tr\u00eas meses para a execu\u00e7\u00e3o das interven\u00e7\u00f5es, a partir da data da assinatura da 1\u00aa Ordem e de acordo com o cronograma f\u00edsico financeiro. J\u00e1 a vig\u00eancia do contrato com a institui\u00e7\u00e3o ser\u00e1 de oito meses.<\/p>\n\n\n\n<p>A Dorival, que tem grande relev\u00e2ncia no corredor de transporte coletivo e possui um forte com\u00e9rcio de servi\u00e7os em quase a totalidade de sua extens\u00e3o, estabelece conex\u00e3o entre a Avenida Paralela e a Orla e funciona como uma via multimodal dispondo de ciclofaixas em toda a sua extens\u00e3o.<\/p>\n\n\n\n<p>Al\u00e9m disso, permite o acesso \u00e0s localidades pr\u00f3ximas ao bairro de Itapu\u00e3 e tamb\u00e9m a importantes equipamentos como o Aeroporto Internacional de Salvador e shoppings center da regi\u00e3o.<\/p>\n\n\n\n<p><strong>O Projeto de Requalifica\u00e7\u00e3o prev\u00ea as seguintes mudan\u00e7as:<\/strong><\/p>\n\n\n\n<p>.Reordenamento do Sistema Vi\u00e1rio: padroniza\u00e7\u00e3o da largura da caixa da via; Implanta\u00e7\u00e3o de ciclovia\/ciclofaixa\/ciclorrota; indica\u00e7\u00e3o de dispositivos de travessia e circula\u00e7\u00e3o de pedestres visando dotar a \u00e1rea de acessibilidade universal e melhoria da mobilidade; <\/p>\n\n\n\n<p>qualifica\u00e7\u00e3o dos pontos de parada de \u00f4nibus: localiza\u00e7\u00e3o e dimensionamento do n\u00famero de abrigos, em atendimento \u00e0 demanda, com a proposta de baias;<\/p>\n\n\n\n<p>.qualifica\u00e7\u00e3o das cal\u00e7adas: coloca\u00e7\u00e3o de rampas, piso t\u00e1til alerta e direcional, com melhoria da acessibilidade universal;<\/p>\n\n\n\n<p>.qualifica\u00e7\u00e3o Visual da \u00c1rea, Acessos e Espa\u00e7os P\u00fablicos: mobili\u00e1rio urbano (lixeiras e balizadores).<\/p>\n\n\n\n<p>No ano passado, o prefeito Bruno Reis j\u00e1 havia antecipado que a Avenida Dorival Caymmi seria requalificada. O an\u00fancio foi feito durante a inaugura\u00e7\u00e3o das pra\u00e7as Alto da Bela Vista, em Nova Bras\u00edlia de Itapu\u00e3, e a Pra\u00e7a Roque Carneiro da Silva, em Piat\u00e3.<\/p>\n\n\n\n<p>Na ocasi\u00e3o, o gestor municipal afirmou que a obra \u201cvai melhorar a mobilidade dessa regi\u00e3o\u201d.<\/p>\n\n\n\n<p>Fonte: A Tarde<\/p>\n\n\n\n<p><\/p>\n","protected":false},"excerpt":{"rendered":"<p>Configurada uma das vias mais importantes da capital baiana, a Avenida Dorival Caymmi, passar\u00e1 por uma requalifica\u00e7\u00e3o urbana. A prefeitura de Salvador investir\u00e1 mais de R$ 10,9 milh\u00f5es para atender as melhorias da regi\u00e3o. Conforme o documento que detalha o projeto, a empresa contratada para realiza\u00e7\u00e3o do servi\u00e7o, ter\u00e1 um prazo de tr\u00eas meses para [&hellip;]<\/p>\n","protected":false},"author":2,"featured_media":9819,"comment_status":"open","ping_status":"open","sticky":false,"template":"","format":"standard","meta":{"footnotes":""},"categories":[85],"tags":[],"class_list":["post-9818","post","type-post","status-publish","format-standard","has-post-thumbnail","hentry","category-noticias"],"_links":{"self":[{"href":"https:\/\/suburbionoar.com.br\/index.php\/wp-json\/wp\/v2\/posts\/9818","targetHints":{"allow":["GET"]}}],"collection":[{"href":"https:\/\/suburbionoar.com.br\/index.php\/wp-json\/wp\/v2\/posts"}],"about":[{"href":"https:\/\/suburbionoar.com.br\/index.php\/wp-json\/wp\/v2\/types\/post"}],"author":[{"embeddable":true,"href":"https:\/\/suburbionoar.com.br\/index.php\/wp-json\/wp\/v2\/users\/2"}],"replies":[{"embeddable":true,"href":"https:\/\/suburbionoar.com.br\/index.php\/wp-json\/wp\/v2\/comments?post=9818"}],"version-history":[{"count":1,"href":"https:\/\/suburbionoar.com.br\/index.php\/wp-json\/wp\/v2\/posts\/9818\/revisions"}],"predecessor-version":[{"id":9820,"href":"https:\/\/suburbionoar.com.br\/index.php\/wp-json\/wp\/v2\/posts\/9818\/revisions\/9820"}],"wp:featuredmedia":[{"embeddable":true,"href":"https:\/\/suburbionoar.com.br\/index.php\/wp-json\/wp\/v2\/media\/9819"}],"wp:attachment":[{"href":"https:\/\/suburbionoar.com.br\/index.php\/wp-json\/wp\/v2\/media?parent=9818"}],"wp:term":[{"taxonomy":"category","embeddable":true,"href":"https:\/\/suburbionoar.com.br\/index.php\/wp-json\/wp\/v2\/categories?post=9818"},{"taxonomy":"post_tag","embeddable":true,"href":"https:\/\/suburbionoar.com.br\/index.php\/wp-json\/wp\/v2\/tags?post=9818"}],"curies":[{"name":"wp","href":"https:\/\/api.w.org\/{rel}","templated":true}]}}