{"id":9779,"date":"2024-07-03T16:08:10","date_gmt":"2024-07-03T19:08:10","guid":{"rendered":"https:\/\/suburbionoar.com.br\/?p=9779"},"modified":"2024-07-03T16:08:13","modified_gmt":"2024-07-03T19:08:13","slug":"mateus-solano-cobra-globo-por-reprise-de-novela-direito-autoral-nao-e-favor","status":"publish","type":"post","link":"https:\/\/suburbionoar.com.br\/index.php\/2024\/07\/03\/mateus-solano-cobra-globo-por-reprise-de-novela-direito-autoral-nao-e-favor\/","title":{"rendered":"Mateus Solano cobra Globo por reprise de novela: \u201cDireito autoral n\u00e3o \u00e9 favor\u201d"},"content":{"rendered":"\n<p>O ator Mateus Solano utilizou o Instagram para cobrar o Grupo Globo pelo pagamento de seus direitos de imagem durante a reprise da novela Viver a Vida, no Canal Viva. O artista viveu os g\u00eameos Jorge e Miguel, em 2009.<\/p>\n\n\n\n<p>\u201cQuanto ser\u00e1 que o Canal Viva vai faturar? E n\u00f3s, os int\u00e9rpretes? Direito autoral n\u00e3o \u00e9 favor\u201d, comentou o ator em uma publica\u00e7\u00e3o do Viva, no Instagram, em que a emissora anuncia a reprise da novela Viver a Vida, de Manoel Carlos. <\/p>\n\n\n\n<p>O ator Tuca Andrada compartilhou em seu perfil uma captura de tela da intera\u00e7\u00e3o de Solano e concordou com Mateus. &#8220;Boa Mateus. Post bom de ser compartilhado pelos coleguinhas de trampo&#8221;, escreveu na legenda.<\/p>\n\n\n\n<p>O ator S\u00e9rgio Marone tamb\u00e9m apoiou a manifesta\u00e7\u00e3o de Solano. \u201cNovel\u00e3o! Que tamb\u00e9m fez sucesso por causa dos atores: #DireitoDeAutorN\u00e3o\u00c9Favor. Quanto ser\u00e1 que os atores v\u00e3o ganhar com essa reexibi\u00e7\u00e3o? Porque o Canal Viva vai faturar bastante\u201d, escreveu Marone. <\/p>\n\n\n\n<p>Fonte: Bahia Not\u00edcias<\/p>\n","protected":false},"excerpt":{"rendered":"<p>O ator Mateus Solano utilizou o Instagram para cobrar o Grupo Globo pelo pagamento de seus direitos de imagem durante a reprise da novela Viver a Vida, no Canal Viva. O artista viveu os g\u00eameos Jorge e Miguel, em 2009. \u201cQuanto ser\u00e1 que o Canal Viva vai faturar? E n\u00f3s, os int\u00e9rpretes? Direito autoral n\u00e3o [&hellip;]<\/p>\n","protected":false},"author":2,"featured_media":9780,"comment_status":"open","ping_status":"open","sticky":false,"template":"","format":"standard","meta":{"footnotes":""},"categories":[93],"tags":[],"class_list":["post-9779","post","type-post","status-publish","format-standard","has-post-thumbnail","hentry","category-entretenimento"],"_links":{"self":[{"href":"https:\/\/suburbionoar.com.br\/index.php\/wp-json\/wp\/v2\/posts\/9779","targetHints":{"allow":["GET"]}}],"collection":[{"href":"https:\/\/suburbionoar.com.br\/index.php\/wp-json\/wp\/v2\/posts"}],"about":[{"href":"https:\/\/suburbionoar.com.br\/index.php\/wp-json\/wp\/v2\/types\/post"}],"author":[{"embeddable":true,"href":"https:\/\/suburbionoar.com.br\/index.php\/wp-json\/wp\/v2\/users\/2"}],"replies":[{"embeddable":true,"href":"https:\/\/suburbionoar.com.br\/index.php\/wp-json\/wp\/v2\/comments?post=9779"}],"version-history":[{"count":1,"href":"https:\/\/suburbionoar.com.br\/index.php\/wp-json\/wp\/v2\/posts\/9779\/revisions"}],"predecessor-version":[{"id":9781,"href":"https:\/\/suburbionoar.com.br\/index.php\/wp-json\/wp\/v2\/posts\/9779\/revisions\/9781"}],"wp:featuredmedia":[{"embeddable":true,"href":"https:\/\/suburbionoar.com.br\/index.php\/wp-json\/wp\/v2\/media\/9780"}],"wp:attachment":[{"href":"https:\/\/suburbionoar.com.br\/index.php\/wp-json\/wp\/v2\/media?parent=9779"}],"wp:term":[{"taxonomy":"category","embeddable":true,"href":"https:\/\/suburbionoar.com.br\/index.php\/wp-json\/wp\/v2\/categories?post=9779"},{"taxonomy":"post_tag","embeddable":true,"href":"https:\/\/suburbionoar.com.br\/index.php\/wp-json\/wp\/v2\/tags?post=9779"}],"curies":[{"name":"wp","href":"https:\/\/api.w.org\/{rel}","templated":true}]}}