{"id":9773,"date":"2024-07-03T14:02:39","date_gmt":"2024-07-03T17:02:39","guid":{"rendered":"https:\/\/suburbionoar.com.br\/?p=9773"},"modified":"2024-07-03T14:02:41","modified_gmt":"2024-07-03T17:02:41","slug":"tecnico-do-goias-confirma-chegada-de-mateus-goncalves-vai-melhorar-nosso-nivel","status":"publish","type":"post","link":"https:\/\/suburbionoar.com.br\/index.php\/2024\/07\/03\/tecnico-do-goias-confirma-chegada-de-mateus-goncalves-vai-melhorar-nosso-nivel\/","title":{"rendered":"T\u00e9cnico do Goi\u00e1s confirma chegada de Mateus Gon\u00e7alves: &#8220;Vai melhorar nosso n\u00edvel&#8221;"},"content":{"rendered":"\n<p>Ap\u00f3s a vit\u00f3ria do Goi\u00e1s por 2 a 1 diante do Am\u00e9rica-MG, \u00faltima ter\u00e7a-feira (2), o t\u00e9cnico do Esmeraldino, M\u00e1rcio Zanardi, confirmou a chegada do atacante Mateus Gon\u00e7alves, ex-Vit\u00f3ria, na equipe.<\/p>\n\n\n\n<p>Al\u00e9m de Mateus Gon\u00e7alves, a equipe goiana ir\u00e1 se refor\u00e7ar nesta janela de transfer\u00eancias com os atacantes Edu, ex-Cruzeiro e Coritiba, e Rildo, ex-Juventude.<\/p>\n\n\n\n<p>&#8220;O mercado est\u00e1 abrindo. As tr\u00eas pe\u00e7as que j\u00e1 chegaram s\u00e3o importantes para termos mais qualidade no \u00faltimo ter\u00e7o. O Mateusinho (Mateus Gon\u00e7alves), o Rildo e o Edu s\u00e3o tr\u00eas grandes jogadores. V\u00e3o acrescentar e melhorar nosso n\u00edvel de trabalho&#8221;, afirmou o treinador.<\/p>\n\n\n\n<p>Contratado pelo Vit\u00f3ria no ano passado, Mateus Gon\u00e7alves fez parte do elenco rubro-negro campe\u00e3o da S\u00e9rie B de 2023 e do Campeonato Baiano de 2024. Ao todo, o jogador fez 40 jogos pelo Le\u00e3o, com tr\u00eas gols e cinco assist\u00eancias.<\/p>\n\n\n\n<p><strong>Fora dos planos de Carpini<\/strong><\/p>\n\n\n\n<p>No \u00faltimo dia 16 de junho, ap\u00f3s o Vit\u00f3ria vencer o Internacional por 2 a 1, pela 9\u00aa rodada da S\u00e9rie A, o t\u00e9cnico Thiago Carpini antecipou a sa\u00edda de Mateus Gon\u00e7alves\u00a0e falou sobre &#8220;priorizar um bom ambiente e um vesti\u00e1rio de respeito&#8221;.<\/p>\n\n\n\n<p>Eu entendi que o Mateus n\u00e3o seria de tamanha utilidade e talvez por n\u00e3o respeitar o processo n\u00f3s priorizamos um bom ambiente. Um vesti\u00e1rio de respeito, de verdade, saud\u00e1vel. Disso eu n\u00e3o abro m\u00e3o. N\u00e3o que o Mateus n\u00e3o tenha esses atributos, mas precisamos tomar algumas decis\u00f5es para que o todo seja preservado. Ent\u00e3o, Mateus n\u00e3o faz mais parte do grupo do Vit\u00f3ria. Foi importante, foi pago para ajudar e ajudou. Vai ser muito feliz. N\u00e3o aqui no Vit\u00f3ria&#8221;, disse Carpini. <\/p>\n\n\n\n<p>Na 15\u00aa coloca\u00e7\u00e3o da S\u00e9rie A, o Vit\u00f3ria soma nove pontos em 13 rodadas. O Rubro-Negro est\u00e1 tr\u00eas pontos \u00e0 frente do Corinthians, advers\u00e1rio desta quinta-feira (4), \u00e0s 20h, na Neo Qu\u00edmica Arena, pela 14\u00aa rodada do Campeonato Brasileiro.\u00a0<\/p>\n\n\n\n<p>Fonte: Bahia Not\u00edcias <\/p>\n","protected":false},"excerpt":{"rendered":"<p>Ap\u00f3s a vit\u00f3ria do Goi\u00e1s por 2 a 1 diante do Am\u00e9rica-MG, \u00faltima ter\u00e7a-feira (2), o t\u00e9cnico do Esmeraldino, M\u00e1rcio Zanardi, confirmou a chegada do atacante Mateus Gon\u00e7alves, ex-Vit\u00f3ria, na equipe. Al\u00e9m de Mateus Gon\u00e7alves, a equipe goiana ir\u00e1 se refor\u00e7ar nesta janela de transfer\u00eancias com os atacantes Edu, ex-Cruzeiro e Coritiba, e Rildo, ex-Juventude. [&hellip;]<\/p>\n","protected":false},"author":2,"featured_media":9774,"comment_status":"open","ping_status":"open","sticky":false,"template":"","format":"standard","meta":{"footnotes":""},"categories":[89],"tags":[],"class_list":["post-9773","post","type-post","status-publish","format-standard","has-post-thumbnail","hentry","category-esportes"],"_links":{"self":[{"href":"https:\/\/suburbionoar.com.br\/index.php\/wp-json\/wp\/v2\/posts\/9773","targetHints":{"allow":["GET"]}}],"collection":[{"href":"https:\/\/suburbionoar.com.br\/index.php\/wp-json\/wp\/v2\/posts"}],"about":[{"href":"https:\/\/suburbionoar.com.br\/index.php\/wp-json\/wp\/v2\/types\/post"}],"author":[{"embeddable":true,"href":"https:\/\/suburbionoar.com.br\/index.php\/wp-json\/wp\/v2\/users\/2"}],"replies":[{"embeddable":true,"href":"https:\/\/suburbionoar.com.br\/index.php\/wp-json\/wp\/v2\/comments?post=9773"}],"version-history":[{"count":1,"href":"https:\/\/suburbionoar.com.br\/index.php\/wp-json\/wp\/v2\/posts\/9773\/revisions"}],"predecessor-version":[{"id":9775,"href":"https:\/\/suburbionoar.com.br\/index.php\/wp-json\/wp\/v2\/posts\/9773\/revisions\/9775"}],"wp:featuredmedia":[{"embeddable":true,"href":"https:\/\/suburbionoar.com.br\/index.php\/wp-json\/wp\/v2\/media\/9774"}],"wp:attachment":[{"href":"https:\/\/suburbionoar.com.br\/index.php\/wp-json\/wp\/v2\/media?parent=9773"}],"wp:term":[{"taxonomy":"category","embeddable":true,"href":"https:\/\/suburbionoar.com.br\/index.php\/wp-json\/wp\/v2\/categories?post=9773"},{"taxonomy":"post_tag","embeddable":true,"href":"https:\/\/suburbionoar.com.br\/index.php\/wp-json\/wp\/v2\/tags?post=9773"}],"curies":[{"name":"wp","href":"https:\/\/api.w.org\/{rel}","templated":true}]}}