{"id":9415,"date":"2024-06-03T13:04:32","date_gmt":"2024-06-03T16:04:32","guid":{"rendered":"https:\/\/suburbionoar.com.br\/?p=9415"},"modified":"2024-06-03T13:04:33","modified_gmt":"2024-06-03T16:04:33","slug":"ademir-diz-ter-zero-magoa-do-atletico-mg-e-celebra-ponto-fora-de-casa-e-importante-nao-perder","status":"publish","type":"post","link":"https:\/\/suburbionoar.com.br\/index.php\/2024\/06\/03\/ademir-diz-ter-zero-magoa-do-atletico-mg-e-celebra-ponto-fora-de-casa-e-importante-nao-perder\/","title":{"rendered":"Ademir diz ter &#8220;zero m\u00e1goa&#8221; do Atl\u00e9tico-MG e celebra ponto: &#8220;Fora de casa \u00e9 importante n\u00e3o perder&#8221;"},"content":{"rendered":"\n<p>A famosa &#8220;lei do ex&#8221; foi mais uma vez aplicada neste Campeonato Brasileiro. Na Arena MRV, o atacante Ademir marcou o gol de empate do Bahia em cima do Atl\u00e9tico-MG, decretando um empate importante para o Esquadr\u00e3o de A\u00e7o na competi\u00e7\u00e3o. Seria esse algum tipo de vingan\u00e7a? O jogador negou qualquer m\u00e1goa do antigo clube e explicou a sua comemora\u00e7\u00e3o.<\/p>\n\n\n\n<p>&#8220;\u00c9 uma comemora\u00e7\u00e3o foi uma que eu j\u00e1 fa\u00e7o e para os meus filhos. Zero m\u00e1goas, fui muito feliz aqui, tenho muitos amigos e sempre vou respeitar o time do Galo&#8221;, disse.<\/p>\n\n\n\n<p>O belo chute colocado do camisa 7 foi o primeiro gol dele pelo Tricolor nesse Brasileir\u00e3o. Ele celebrou a import\u00e2ncia do resultado para a equipe.<\/p>\n\n\n\n<p>&#8220;Fico feliz, venho trabalhando para fazer o meu primeiro gol no Campeonato Brasileiro. Tava h\u00e1 um bom tempo sem fazer gol e marcar foi incr\u00edvel. Jogo dif\u00edcil, que a gente sabia que teria que sofrer um pouquinho. Eles pressionaram, mudamos a estrat\u00e9gia e conseguimos somar um ponto para a sequ\u00eancia. Fora de casa \u00e9 importante n\u00e3o perder&#8221;, indicou.<\/p>\n\n\n\n<p>Os tricolores voltam a entrar em campo no pr\u00f3ximo dia 13 de junho, contra o Fortaleza, na Casa de Apostas Arena Fonte Nova.\u00a0<\/p>\n\n\n\n<p>Fonte: Bahia Not\u00edcias <\/p>\n","protected":false},"excerpt":{"rendered":"<p>A famosa &#8220;lei do ex&#8221; foi mais uma vez aplicada neste Campeonato Brasileiro. Na Arena MRV, o atacante Ademir marcou o gol de empate do Bahia em cima do Atl\u00e9tico-MG, decretando um empate importante para o Esquadr\u00e3o de A\u00e7o na competi\u00e7\u00e3o. Seria esse algum tipo de vingan\u00e7a? O jogador negou qualquer m\u00e1goa do antigo clube [&hellip;]<\/p>\n","protected":false},"author":2,"featured_media":9416,"comment_status":"open","ping_status":"open","sticky":false,"template":"","format":"standard","meta":{"footnotes":""},"categories":[89],"tags":[],"class_list":["post-9415","post","type-post","status-publish","format-standard","has-post-thumbnail","hentry","category-esportes"],"_links":{"self":[{"href":"https:\/\/suburbionoar.com.br\/index.php\/wp-json\/wp\/v2\/posts\/9415","targetHints":{"allow":["GET"]}}],"collection":[{"href":"https:\/\/suburbionoar.com.br\/index.php\/wp-json\/wp\/v2\/posts"}],"about":[{"href":"https:\/\/suburbionoar.com.br\/index.php\/wp-json\/wp\/v2\/types\/post"}],"author":[{"embeddable":true,"href":"https:\/\/suburbionoar.com.br\/index.php\/wp-json\/wp\/v2\/users\/2"}],"replies":[{"embeddable":true,"href":"https:\/\/suburbionoar.com.br\/index.php\/wp-json\/wp\/v2\/comments?post=9415"}],"version-history":[{"count":1,"href":"https:\/\/suburbionoar.com.br\/index.php\/wp-json\/wp\/v2\/posts\/9415\/revisions"}],"predecessor-version":[{"id":9417,"href":"https:\/\/suburbionoar.com.br\/index.php\/wp-json\/wp\/v2\/posts\/9415\/revisions\/9417"}],"wp:featuredmedia":[{"embeddable":true,"href":"https:\/\/suburbionoar.com.br\/index.php\/wp-json\/wp\/v2\/media\/9416"}],"wp:attachment":[{"href":"https:\/\/suburbionoar.com.br\/index.php\/wp-json\/wp\/v2\/media?parent=9415"}],"wp:term":[{"taxonomy":"category","embeddable":true,"href":"https:\/\/suburbionoar.com.br\/index.php\/wp-json\/wp\/v2\/categories?post=9415"},{"taxonomy":"post_tag","embeddable":true,"href":"https:\/\/suburbionoar.com.br\/index.php\/wp-json\/wp\/v2\/tags?post=9415"}],"curies":[{"name":"wp","href":"https:\/\/api.w.org\/{rel}","templated":true}]}}