{"id":9403,"date":"2024-06-03T10:21:38","date_gmt":"2024-06-03T13:21:38","guid":{"rendered":"https:\/\/suburbionoar.com.br\/?p=9403"},"modified":"2024-06-03T10:21:41","modified_gmt":"2024-06-03T13:21:41","slug":"nove-linhas-seguem-sem-operar-no-bairro-de-sao-marcos-nesta-segunda-feira-3","status":"publish","type":"post","link":"https:\/\/suburbionoar.com.br\/index.php\/2024\/06\/03\/nove-linhas-seguem-sem-operar-no-bairro-de-sao-marcos-nesta-segunda-feira-3\/","title":{"rendered":"Nove linhas seguem sem operar no bairro de S\u00e3o Marcos nesta segunda-feira (3)"},"content":{"rendered":"\n<p>O bairro de S\u00e3o Marcos segue sem a circula\u00e7\u00e3o de \u00f4nibus nesta segunda-feira (3). O transporte p\u00fablico de Salvador n\u00e3o atende a regi\u00e3o desde que um coletivo foi incendiado na \u00faltima sexta-feira (31) na via principal do bairro. O policiamento segue refor\u00e7ado na regi\u00e3o.<\/p>\n\n\n\n<p>O inc\u00eandio do \u00f4nibus afetou dez lojas e nas ruas ainda \u00e9 poss\u00edvel ver vest\u00edgios do ve\u00edculo que foi queimado. A Pol\u00edcia MIlitar confirmou a pris\u00e3o de um dos suspeitos de colocar fogo no \u00f4nibus.<\/p>\n\n\n\n<p>Em nota a Tv Bahia o Secret\u00e1rio de Mobilidade, Fabr\u00edzio Muller informou que equipes da SEMOB junto com a Pol\u00edcia MIlitar far\u00e3o uma avalia\u00e7\u00e3o da regi\u00e3o ainda nesta segunda-feira (3) para avaliar o retorno da opera\u00e7\u00e3o dos \u00f4nibus no local.&nbsp;<\/p>\n\n\n\n<p>Fonte: Varela Net <\/p>\n","protected":false},"excerpt":{"rendered":"<p>O bairro de S\u00e3o Marcos segue sem a circula\u00e7\u00e3o de \u00f4nibus nesta segunda-feira (3). O transporte p\u00fablico de Salvador n\u00e3o atende a regi\u00e3o desde que um coletivo foi incendiado na \u00faltima sexta-feira (31) na via principal do bairro. O policiamento segue refor\u00e7ado na regi\u00e3o. O inc\u00eandio do \u00f4nibus afetou dez lojas e nas ruas ainda [&hellip;]<\/p>\n","protected":false},"author":2,"featured_media":9404,"comment_status":"open","ping_status":"open","sticky":false,"template":"","format":"standard","meta":{"footnotes":""},"categories":[85],"tags":[],"class_list":["post-9403","post","type-post","status-publish","format-standard","has-post-thumbnail","hentry","category-noticias"],"_links":{"self":[{"href":"https:\/\/suburbionoar.com.br\/index.php\/wp-json\/wp\/v2\/posts\/9403","targetHints":{"allow":["GET"]}}],"collection":[{"href":"https:\/\/suburbionoar.com.br\/index.php\/wp-json\/wp\/v2\/posts"}],"about":[{"href":"https:\/\/suburbionoar.com.br\/index.php\/wp-json\/wp\/v2\/types\/post"}],"author":[{"embeddable":true,"href":"https:\/\/suburbionoar.com.br\/index.php\/wp-json\/wp\/v2\/users\/2"}],"replies":[{"embeddable":true,"href":"https:\/\/suburbionoar.com.br\/index.php\/wp-json\/wp\/v2\/comments?post=9403"}],"version-history":[{"count":1,"href":"https:\/\/suburbionoar.com.br\/index.php\/wp-json\/wp\/v2\/posts\/9403\/revisions"}],"predecessor-version":[{"id":9405,"href":"https:\/\/suburbionoar.com.br\/index.php\/wp-json\/wp\/v2\/posts\/9403\/revisions\/9405"}],"wp:featuredmedia":[{"embeddable":true,"href":"https:\/\/suburbionoar.com.br\/index.php\/wp-json\/wp\/v2\/media\/9404"}],"wp:attachment":[{"href":"https:\/\/suburbionoar.com.br\/index.php\/wp-json\/wp\/v2\/media?parent=9403"}],"wp:term":[{"taxonomy":"category","embeddable":true,"href":"https:\/\/suburbionoar.com.br\/index.php\/wp-json\/wp\/v2\/categories?post=9403"},{"taxonomy":"post_tag","embeddable":true,"href":"https:\/\/suburbionoar.com.br\/index.php\/wp-json\/wp\/v2\/tags?post=9403"}],"curies":[{"name":"wp","href":"https:\/\/api.w.org\/{rel}","templated":true}]}}