{"id":9329,"date":"2024-05-23T10:48:45","date_gmt":"2024-05-23T13:48:45","guid":{"rendered":"https:\/\/suburbionoar.com.br\/?p=9329"},"modified":"2024-05-23T10:48:47","modified_gmt":"2024-05-23T13:48:47","slug":"casos-de-bronquiolite-aumentam-na-bahia","status":"publish","type":"post","link":"https:\/\/suburbionoar.com.br\/index.php\/2024\/05\/23\/casos-de-bronquiolite-aumentam-na-bahia\/","title":{"rendered":"Casos de Bronquiolite aumentam na Bahia"},"content":{"rendered":"\n<p>Os casos de Bronquiolite apresentaram um crescimento alarmante na Bahia nos \u00faltimos meses. Bronquiolite \u00e9 uma doen\u00e7a que atinge beb\u00eas, \u00e9 uma condi\u00e7\u00e3o em que os bronqu\u00edolos, estruturas que fazem parte dos pulm\u00f5es, ficam inflamados por conta do contato com um v\u00edrus chamado V\u00edrus Sincicial Respirat\u00f3rio.<\/p>\n\n\n\n<p>Em 2023 a Bahia registrou um aumento de 39% em casos de interna\u00e7\u00e3o em 2023, em compara\u00e7\u00e3o com o ano anterior, os dados foram divulgados pelo Minist\u00e9rio da Sa\u00fade durante o lan\u00e7amento da campanha \u201cBye Bye Bronquiolite\u201d. Isso faz com que a Bahia ocupe a lideran\u00e7a de estados da Regi\u00e3o Nordeste.<\/p>\n\n\n\n<p>O Hospital 2 de Julho, uma unidade da Secretaria de Sa\u00fade da Bahia, acolheu cerca de 766 pacientes v\u00edtimas de Bronquiolite no per\u00edodo de Janeiro a meados de Maio.<\/p>\n\n\n\n<p><strong>Sintomas e tratamentos<\/strong><\/p>\n\n\n\n<p>Os sintomas incluem tosse, chiado no peito, dificuldade para respirar, febre, respira\u00e7\u00e3o r\u00e1pida e superficial e congest\u00e3o nasal e irritabilidade. Casos s\u00e3o mais recorrentes nos meses de outono e inverno, quando as temperaturas s\u00e3o baixas.<\/p>\n\n\n\n<p>N\u00e3o existe um tratamento espec\u00edfico contra a Bronquiolite, o quadro normalmente acaba evoluindo de forma benigna at\u00e9 a cura, sem precisar de medicamentos, mas em muitos casos, por conta da necessidade de interven\u00e7\u00e3o, o tratamento \u00e9 feito em casa com acompanhamento da febre e respira\u00e7\u00e3o do paciente.\u00a0<\/p>\n\n\n\n<p>Fonte: Varela Net<\/p>\n","protected":false},"excerpt":{"rendered":"<p>Os casos de Bronquiolite apresentaram um crescimento alarmante na Bahia nos \u00faltimos meses. Bronquiolite \u00e9 uma doen\u00e7a que atinge beb\u00eas, \u00e9 uma condi\u00e7\u00e3o em que os bronqu\u00edolos, estruturas que fazem parte dos pulm\u00f5es, ficam inflamados por conta do contato com um v\u00edrus chamado V\u00edrus Sincicial Respirat\u00f3rio. Em 2023 a Bahia registrou um aumento de 39% [&hellip;]<\/p>\n","protected":false},"author":2,"featured_media":9330,"comment_status":"open","ping_status":"open","sticky":false,"template":"","format":"standard","meta":{"footnotes":""},"categories":[94],"tags":[],"class_list":["post-9329","post","type-post","status-publish","format-standard","has-post-thumbnail","hentry","category-saude-2"],"_links":{"self":[{"href":"https:\/\/suburbionoar.com.br\/index.php\/wp-json\/wp\/v2\/posts\/9329","targetHints":{"allow":["GET"]}}],"collection":[{"href":"https:\/\/suburbionoar.com.br\/index.php\/wp-json\/wp\/v2\/posts"}],"about":[{"href":"https:\/\/suburbionoar.com.br\/index.php\/wp-json\/wp\/v2\/types\/post"}],"author":[{"embeddable":true,"href":"https:\/\/suburbionoar.com.br\/index.php\/wp-json\/wp\/v2\/users\/2"}],"replies":[{"embeddable":true,"href":"https:\/\/suburbionoar.com.br\/index.php\/wp-json\/wp\/v2\/comments?post=9329"}],"version-history":[{"count":1,"href":"https:\/\/suburbionoar.com.br\/index.php\/wp-json\/wp\/v2\/posts\/9329\/revisions"}],"predecessor-version":[{"id":9331,"href":"https:\/\/suburbionoar.com.br\/index.php\/wp-json\/wp\/v2\/posts\/9329\/revisions\/9331"}],"wp:featuredmedia":[{"embeddable":true,"href":"https:\/\/suburbionoar.com.br\/index.php\/wp-json\/wp\/v2\/media\/9330"}],"wp:attachment":[{"href":"https:\/\/suburbionoar.com.br\/index.php\/wp-json\/wp\/v2\/media?parent=9329"}],"wp:term":[{"taxonomy":"category","embeddable":true,"href":"https:\/\/suburbionoar.com.br\/index.php\/wp-json\/wp\/v2\/categories?post=9329"},{"taxonomy":"post_tag","embeddable":true,"href":"https:\/\/suburbionoar.com.br\/index.php\/wp-json\/wp\/v2\/tags?post=9329"}],"curies":[{"name":"wp","href":"https:\/\/api.w.org\/{rel}","templated":true}]}}