{"id":9306,"date":"2024-05-22T13:55:27","date_gmt":"2024-05-22T16:55:27","guid":{"rendered":"https:\/\/suburbionoar.com.br\/?p=9306"},"modified":"2024-05-22T13:55:29","modified_gmt":"2024-05-22T16:55:29","slug":"nova-linha-de-onibus-dara-atendimento-ao-jardim-cajazeiras-a-partir-de-segunda","status":"publish","type":"post","link":"https:\/\/suburbionoar.com.br\/index.php\/2024\/05\/22\/nova-linha-de-onibus-dara-atendimento-ao-jardim-cajazeiras-a-partir-de-segunda\/","title":{"rendered":"Nova linha de \u00f4nibus dar\u00e1 atendimento ao Jardim Cajazeiras a partir de segunda"},"content":{"rendered":"\n<p>A regi\u00e3o de Jardim Cajazeiras ganhar\u00e1 uma nova linha de \u00f4nibus a partir da pr\u00f3xima segunda-feira (27). A linha 1399-03 \u2013 Esta\u00e7\u00e3o Piraj\u00e1 x Jardim Cajazeiras (via Rua da Eti\u00f3pia) vai operar de segunda a sexta-feira, nos hor\u00e1rios de pico da manh\u00e3 e no per\u00edodo da tarde e noite.<\/p>\n\n\n\n<p>A linha foi um pedido da comunidade local, que n\u00e3o possu\u00eda um atendimento para a Rua da Eti\u00f3pia e o Residencial Villa D\u2019Oro. A linha far\u00e1 12 viagens di\u00e1rias, e ter\u00e1 tr\u00eas hor\u00e1rios saindo da Esta\u00e7\u00e3o Piraj\u00e1 pela manh\u00e3 \u2013 6h, 6h30 e 6h50 \u2013 retomando a opera\u00e7\u00e3o \u00e0s 14h40, com \u00faltimo hor\u00e1rio de sa\u00edda \u00e0s 22h05.<\/p>\n\n\n\n<p>A 1399-03 ter\u00e1 no seu itiner\u00e1rio de ida para o bairro, ap\u00f3s sa\u00edda da Esta\u00e7\u00e3o Piraj\u00e1, a avenida Cardeal Brand\u00e3o Vilela (Lagoa), avenida Aliomar Baleeiro, rua da Eti\u00f3pia, Residencial Villa D\u2019Oro, rua da Eti\u00f3pia, avenida Aliomar Baleeiro, rua Luciano Gomes e Jardim Cajazeiras. Para retornar \u00e0 Esta\u00e7\u00e3o Piraj\u00e1, a linha far\u00e1 o sentido inverso, passando pelas mesmas vias de ida.<\/p>\n\n\n\n<p>Fonte: Tribuna da Bahia <\/p>\n","protected":false},"excerpt":{"rendered":"<p>A regi\u00e3o de Jardim Cajazeiras ganhar\u00e1 uma nova linha de \u00f4nibus a partir da pr\u00f3xima segunda-feira (27). A linha 1399-03 \u2013 Esta\u00e7\u00e3o Piraj\u00e1 x Jardim Cajazeiras (via Rua da Eti\u00f3pia) vai operar de segunda a sexta-feira, nos hor\u00e1rios de pico da manh\u00e3 e no per\u00edodo da tarde e noite. A linha foi um pedido da [&hellip;]<\/p>\n","protected":false},"author":2,"featured_media":9307,"comment_status":"open","ping_status":"open","sticky":false,"template":"","format":"standard","meta":{"footnotes":""},"categories":[85],"tags":[],"class_list":["post-9306","post","type-post","status-publish","format-standard","has-post-thumbnail","hentry","category-noticias"],"_links":{"self":[{"href":"https:\/\/suburbionoar.com.br\/index.php\/wp-json\/wp\/v2\/posts\/9306","targetHints":{"allow":["GET"]}}],"collection":[{"href":"https:\/\/suburbionoar.com.br\/index.php\/wp-json\/wp\/v2\/posts"}],"about":[{"href":"https:\/\/suburbionoar.com.br\/index.php\/wp-json\/wp\/v2\/types\/post"}],"author":[{"embeddable":true,"href":"https:\/\/suburbionoar.com.br\/index.php\/wp-json\/wp\/v2\/users\/2"}],"replies":[{"embeddable":true,"href":"https:\/\/suburbionoar.com.br\/index.php\/wp-json\/wp\/v2\/comments?post=9306"}],"version-history":[{"count":1,"href":"https:\/\/suburbionoar.com.br\/index.php\/wp-json\/wp\/v2\/posts\/9306\/revisions"}],"predecessor-version":[{"id":9308,"href":"https:\/\/suburbionoar.com.br\/index.php\/wp-json\/wp\/v2\/posts\/9306\/revisions\/9308"}],"wp:featuredmedia":[{"embeddable":true,"href":"https:\/\/suburbionoar.com.br\/index.php\/wp-json\/wp\/v2\/media\/9307"}],"wp:attachment":[{"href":"https:\/\/suburbionoar.com.br\/index.php\/wp-json\/wp\/v2\/media?parent=9306"}],"wp:term":[{"taxonomy":"category","embeddable":true,"href":"https:\/\/suburbionoar.com.br\/index.php\/wp-json\/wp\/v2\/categories?post=9306"},{"taxonomy":"post_tag","embeddable":true,"href":"https:\/\/suburbionoar.com.br\/index.php\/wp-json\/wp\/v2\/tags?post=9306"}],"curies":[{"name":"wp","href":"https:\/\/api.w.org\/{rel}","templated":true}]}}