{"id":9303,"date":"2024-05-22T13:35:39","date_gmt":"2024-05-22T16:35:39","guid":{"rendered":"https:\/\/suburbionoar.com.br\/?p=9303"},"modified":"2024-05-22T13:35:41","modified_gmt":"2024-05-22T16:35:41","slug":"gremio-anuncia-a-contratacao-do-zagueiro-jemerson-do-atletico-mg","status":"publish","type":"post","link":"https:\/\/suburbionoar.com.br\/index.php\/2024\/05\/22\/gremio-anuncia-a-contratacao-do-zagueiro-jemerson-do-atletico-mg\/","title":{"rendered":"Gr\u00eamio anuncia a contrata\u00e7\u00e3o do zagueiro Jemerson, do Atl\u00e9tico-MG"},"content":{"rendered":"\n<p>O Gr\u00eamio anunciou nesta quarta-feira (22) a contrata\u00e7\u00e3o do zagueiro Jemerson, do Atl\u00e9tico-MG. Aos 31 anos, o defensor realizou exames m\u00e9dicos e assinou com o Tricolor ga\u00facho at\u00e9 o final de 2026. Ele poder\u00e1 estrear a partir da abertura da janela de transfer\u00eancias no dia 10 de julho.<\/p>\n\n\n\n<p>Nascido em Jeremoabo, interior da Bahia, Jemerson ser\u00e1 integrado ao elenco gremista no pr\u00f3ximo dia 10. Revelado pelo pr\u00f3prio Galo, o zagueiro acumula passagens por Democrata e Corinthians no futebol brasileiro. No exterior, atuou na Fran\u00e7a defendendo as cores do Monaco e do Metz. Ele retornou ao Brasil em 2022, contratado pelo Alvinegro mineiro.<\/p>\n\n\n\n<p>Jemerson chega como 10\u00ba refor\u00e7o do Gr\u00eamio na temporada de 2024. O elenco do time dirigido pelo t\u00e9cnico Renato Ga\u00facho conta com os zagueiros Geromel, Kannemann, Rodrigo Ely, Gustavo Martins e Nat\u00e3.<\/p>\n\n\n\n<p>Ap\u00f3s ter os jogos adiados devido as enchentes no Rio Grande do Sul, o Gr\u00eamio volta aos gramados na pr\u00f3xima quarta (29), para encarar o The Strongest, no Couto Pereira, pela sexta rodada da Libertadores. Na sequ\u00eancia, no dia 1\u00ba de junho, o Tricolor ga\u00facho enfrenta o Red Bull Bragantino, no mesmo local, pela s\u00e9tima rodada do Brasileir\u00e3o.<\/p>\n\n\n\n<p>Fonte: Bahia Not\u00edcias <\/p>\n","protected":false},"excerpt":{"rendered":"<p>O Gr\u00eamio anunciou nesta quarta-feira (22) a contrata\u00e7\u00e3o do zagueiro Jemerson, do Atl\u00e9tico-MG. Aos 31 anos, o defensor realizou exames m\u00e9dicos e assinou com o Tricolor ga\u00facho at\u00e9 o final de 2026. Ele poder\u00e1 estrear a partir da abertura da janela de transfer\u00eancias no dia 10 de julho. Nascido em Jeremoabo, interior da Bahia, Jemerson [&hellip;]<\/p>\n","protected":false},"author":2,"featured_media":9304,"comment_status":"open","ping_status":"open","sticky":false,"template":"","format":"standard","meta":{"footnotes":""},"categories":[89],"tags":[],"class_list":["post-9303","post","type-post","status-publish","format-standard","has-post-thumbnail","hentry","category-esportes"],"_links":{"self":[{"href":"https:\/\/suburbionoar.com.br\/index.php\/wp-json\/wp\/v2\/posts\/9303","targetHints":{"allow":["GET"]}}],"collection":[{"href":"https:\/\/suburbionoar.com.br\/index.php\/wp-json\/wp\/v2\/posts"}],"about":[{"href":"https:\/\/suburbionoar.com.br\/index.php\/wp-json\/wp\/v2\/types\/post"}],"author":[{"embeddable":true,"href":"https:\/\/suburbionoar.com.br\/index.php\/wp-json\/wp\/v2\/users\/2"}],"replies":[{"embeddable":true,"href":"https:\/\/suburbionoar.com.br\/index.php\/wp-json\/wp\/v2\/comments?post=9303"}],"version-history":[{"count":1,"href":"https:\/\/suburbionoar.com.br\/index.php\/wp-json\/wp\/v2\/posts\/9303\/revisions"}],"predecessor-version":[{"id":9305,"href":"https:\/\/suburbionoar.com.br\/index.php\/wp-json\/wp\/v2\/posts\/9303\/revisions\/9305"}],"wp:featuredmedia":[{"embeddable":true,"href":"https:\/\/suburbionoar.com.br\/index.php\/wp-json\/wp\/v2\/media\/9304"}],"wp:attachment":[{"href":"https:\/\/suburbionoar.com.br\/index.php\/wp-json\/wp\/v2\/media?parent=9303"}],"wp:term":[{"taxonomy":"category","embeddable":true,"href":"https:\/\/suburbionoar.com.br\/index.php\/wp-json\/wp\/v2\/categories?post=9303"},{"taxonomy":"post_tag","embeddable":true,"href":"https:\/\/suburbionoar.com.br\/index.php\/wp-json\/wp\/v2\/tags?post=9303"}],"curies":[{"name":"wp","href":"https:\/\/api.w.org\/{rel}","templated":true}]}}