{"id":9296,"date":"2024-05-22T12:07:50","date_gmt":"2024-05-22T15:07:50","guid":{"rendered":"https:\/\/suburbionoar.com.br\/?p=9296"},"modified":"2024-05-22T12:07:52","modified_gmt":"2024-05-22T15:07:52","slug":"programa-de-passagens-aereas-acessiveis-deve-ser-lancado-em-junho","status":"publish","type":"post","link":"https:\/\/suburbionoar.com.br\/index.php\/2024\/05\/22\/programa-de-passagens-aereas-acessiveis-deve-ser-lancado-em-junho\/","title":{"rendered":"Programa de passagens a\u00e9reas acess\u00edveis deve ser lan\u00e7ado em junho"},"content":{"rendered":"\n<p>O ministro de Portos e Aeroportos, Silvio Costa Filho, anunciou nesta quarta-feira, 22, que o programa de passagens a\u00e9reas acess\u00edveis Voa Brasil deve ser lan\u00e7ado em junho. Em entrevista a emissoras de r\u00e1dio durante o programa Bom Dia, Ministro, da Empresa Brasil de Comunica\u00e7\u00e3o (EBC), ele explicou que o lan\u00e7amento precisou ser adiado em raz\u00e3o das enchentes no Rio Grande do Sul.<\/p>\n\n\n\n<p>\u201cEle est\u00e1 pronto. A gente est\u00e1 construindo com a Casa Civil alguns detalhes. A gente estava para apresentar agora, nesse per\u00edodo, mas, por conta da situa\u00e7\u00e3o do Rio Grande do Sul, todo o nosso esfor\u00e7o, da equipe ministerial, neste momento emergencial, est\u00e1 em atender o estado. A gente espera que, no m\u00eas de junho, a gente retome essa discuss\u00e3o e possa finalizar esse programa\u201d, disse.<\/p>\n\n\n\n<p>Anunciado desde o ano passado pelo governo federal, o programa Voa Brasil estava previsto para ser lan\u00e7ado em janeiro deste ano. Na ocasi\u00e3o, o governo divulgou que os primeiros segmentos beneficiados ser\u00e3o os aposentados do Instituto Nacional do Seguro Social (INSS) que ganham at\u00e9 dois sal\u00e1rios m\u00ednimos e bolsistas do Programa Universidade para Todos (Prouni), cerca de 22 milh\u00f5es de brasileiros.<\/p>\n\n\n\n<p><strong>Golpe<\/strong><\/p>\n\n\n\n<p>Ainda durante o programa Bom Dia, Ministro, Costa Filho refor\u00e7ou que o Voa Brasil est\u00e1 em fase de ajuste final e alertou que a pasta n\u00e3o est\u00e1 fazendo cadastro nem solicitando pagamentos. \u201cEsse programa ainda n\u00e3o foi lan\u00e7ado\u201d, afirmou, acrescentando que \u201cqualquer possibilidade de venda de passagens ou an\u00fancio do Voa Brasil \u00e9 fake news e n\u00e3o condiz com a realidade\u201d.<\/p>\n\n\n\n<p>Fonte: A Tarde<\/p>\n","protected":false},"excerpt":{"rendered":"<p>O ministro de Portos e Aeroportos, Silvio Costa Filho, anunciou nesta quarta-feira, 22, que o programa de passagens a\u00e9reas acess\u00edveis Voa Brasil deve ser lan\u00e7ado em junho. Em entrevista a emissoras de r\u00e1dio durante o programa Bom Dia, Ministro, da Empresa Brasil de Comunica\u00e7\u00e3o (EBC), ele explicou que o lan\u00e7amento precisou ser adiado em raz\u00e3o [&hellip;]<\/p>\n","protected":false},"author":2,"featured_media":9297,"comment_status":"open","ping_status":"open","sticky":false,"template":"","format":"standard","meta":{"footnotes":""},"categories":[85,91],"tags":[],"class_list":["post-9296","post","type-post","status-publish","format-standard","has-post-thumbnail","hentry","category-noticias","category-politica"],"_links":{"self":[{"href":"https:\/\/suburbionoar.com.br\/index.php\/wp-json\/wp\/v2\/posts\/9296","targetHints":{"allow":["GET"]}}],"collection":[{"href":"https:\/\/suburbionoar.com.br\/index.php\/wp-json\/wp\/v2\/posts"}],"about":[{"href":"https:\/\/suburbionoar.com.br\/index.php\/wp-json\/wp\/v2\/types\/post"}],"author":[{"embeddable":true,"href":"https:\/\/suburbionoar.com.br\/index.php\/wp-json\/wp\/v2\/users\/2"}],"replies":[{"embeddable":true,"href":"https:\/\/suburbionoar.com.br\/index.php\/wp-json\/wp\/v2\/comments?post=9296"}],"version-history":[{"count":1,"href":"https:\/\/suburbionoar.com.br\/index.php\/wp-json\/wp\/v2\/posts\/9296\/revisions"}],"predecessor-version":[{"id":9298,"href":"https:\/\/suburbionoar.com.br\/index.php\/wp-json\/wp\/v2\/posts\/9296\/revisions\/9298"}],"wp:featuredmedia":[{"embeddable":true,"href":"https:\/\/suburbionoar.com.br\/index.php\/wp-json\/wp\/v2\/media\/9297"}],"wp:attachment":[{"href":"https:\/\/suburbionoar.com.br\/index.php\/wp-json\/wp\/v2\/media?parent=9296"}],"wp:term":[{"taxonomy":"category","embeddable":true,"href":"https:\/\/suburbionoar.com.br\/index.php\/wp-json\/wp\/v2\/categories?post=9296"},{"taxonomy":"post_tag","embeddable":true,"href":"https:\/\/suburbionoar.com.br\/index.php\/wp-json\/wp\/v2\/tags?post=9296"}],"curies":[{"name":"wp","href":"https:\/\/api.w.org\/{rel}","templated":true}]}}