{"id":9241,"date":"2024-05-17T10:55:27","date_gmt":"2024-05-17T13:55:27","guid":{"rendered":"https:\/\/suburbionoar.com.br\/?p=9241"},"modified":"2024-05-17T10:55:28","modified_gmt":"2024-05-17T13:55:28","slug":"acm-neto-uniao-brasil-nao-vai-desembarcar-do-governo-afinal","status":"publish","type":"post","link":"https:\/\/suburbionoar.com.br\/index.php\/2024\/05\/17\/acm-neto-uniao-brasil-nao-vai-desembarcar-do-governo-afinal\/","title":{"rendered":"ACM Neto: Uni\u00e3o Brasil n\u00e3o vai desembarcar do governo, afinal&nbsp;"},"content":{"rendered":"\n<p>O primeiro vice-presidente do Uni\u00e3o Brasil, ACM Neto, n\u00e3o considera que o seu partido fa\u00e7a parte da base do governo federal, a despeito da presen\u00e7a em tr\u00eas minist\u00e9rios do presidente Luiz In\u00e1cio Lula da Silva. O ex-prefeito de Salvador diz que sua sigla nunca embarcou no governo, e por isso n\u00e3o h\u00e1 sentido em falar de um desembarque. Ainda assim, ACM Neto define a rela\u00e7\u00e3o do partido com o executivo como &#8216;complexa&#8217;.<\/p>\n\n\n\n<p>Na semana passada, Lula criticou o prefeito de Teixeira de Freitas (BA), que \u00e9 do Uni\u00e3o Brasil. O diret\u00f3rio estadual repudiou a fala do presidente.<\/p>\n\n\n\n<p>&#8220;Este governo cheira um pouco a mofo, com pr\u00e1ticas ultrapassadas Privilegiam o varejo com o congresso, &#8216;tome emenda e me d\u00ea voto'&#8221;, disse ACM Neto para uma plateia de investidores no evento Tag Summit.<\/p>\n\n\n\n<p>Em an\u00e1lise sobre a polariza\u00e7\u00e3o pol\u00edtica no Pa\u00eds, ACM Neto diz que o Nordeste n\u00e3o \u00e9 petista ou de esquerda, mas \u00e9 lulista. Ele apontou erros na rela\u00e7\u00e3o do governo de Jair Bolsonaro (PL) com a regi\u00e3o. &#8220;Bolsonaro poderia ter feito pol\u00edticas p\u00fablicas desde o in\u00edcio e n\u00e3o fez, poderia ter tido outra postura diante da pandemia e poderia ter feito alian\u00e7as pol\u00edticas&#8221;, afirma. \u00c0 frente, ele indica que o bolsonarismo n\u00e3o deve conseguir superar Lula em 2026, mas pode se esfor\u00e7ar em reduzir a diferen\u00e7a vista nas elei\u00e7\u00f5es anteriores.<\/p>\n\n\n\n<p>Fonte: Ag\u00eancia Estado<\/p>\n","protected":false},"excerpt":{"rendered":"<p>O primeiro vice-presidente do Uni\u00e3o Brasil, ACM Neto, n\u00e3o considera que o seu partido fa\u00e7a parte da base do governo federal, a despeito da presen\u00e7a em tr\u00eas minist\u00e9rios do presidente Luiz In\u00e1cio Lula da Silva. O ex-prefeito de Salvador diz que sua sigla nunca embarcou no governo, e por isso n\u00e3o h\u00e1 sentido em falar [&hellip;]<\/p>\n","protected":false},"author":2,"featured_media":9240,"comment_status":"open","ping_status":"open","sticky":false,"template":"","format":"standard","meta":{"footnotes":""},"categories":[91],"tags":[],"class_list":["post-9241","post","type-post","status-publish","format-standard","has-post-thumbnail","hentry","category-politica"],"_links":{"self":[{"href":"https:\/\/suburbionoar.com.br\/index.php\/wp-json\/wp\/v2\/posts\/9241","targetHints":{"allow":["GET"]}}],"collection":[{"href":"https:\/\/suburbionoar.com.br\/index.php\/wp-json\/wp\/v2\/posts"}],"about":[{"href":"https:\/\/suburbionoar.com.br\/index.php\/wp-json\/wp\/v2\/types\/post"}],"author":[{"embeddable":true,"href":"https:\/\/suburbionoar.com.br\/index.php\/wp-json\/wp\/v2\/users\/2"}],"replies":[{"embeddable":true,"href":"https:\/\/suburbionoar.com.br\/index.php\/wp-json\/wp\/v2\/comments?post=9241"}],"version-history":[{"count":1,"href":"https:\/\/suburbionoar.com.br\/index.php\/wp-json\/wp\/v2\/posts\/9241\/revisions"}],"predecessor-version":[{"id":9242,"href":"https:\/\/suburbionoar.com.br\/index.php\/wp-json\/wp\/v2\/posts\/9241\/revisions\/9242"}],"wp:featuredmedia":[{"embeddable":true,"href":"https:\/\/suburbionoar.com.br\/index.php\/wp-json\/wp\/v2\/media\/9240"}],"wp:attachment":[{"href":"https:\/\/suburbionoar.com.br\/index.php\/wp-json\/wp\/v2\/media?parent=9241"}],"wp:term":[{"taxonomy":"category","embeddable":true,"href":"https:\/\/suburbionoar.com.br\/index.php\/wp-json\/wp\/v2\/categories?post=9241"},{"taxonomy":"post_tag","embeddable":true,"href":"https:\/\/suburbionoar.com.br\/index.php\/wp-json\/wp\/v2\/tags?post=9241"}],"curies":[{"name":"wp","href":"https:\/\/api.w.org\/{rel}","templated":true}]}}