{"id":9081,"date":"2024-05-08T15:41:17","date_gmt":"2024-05-08T18:41:17","guid":{"rendered":"https:\/\/suburbionoar.com.br\/?p=9081"},"modified":"2024-05-08T15:41:19","modified_gmt":"2024-05-08T18:41:19","slug":"jeronimo-embarca-neste-sabado-em-viagem-para-a-europa","status":"publish","type":"post","link":"https:\/\/suburbionoar.com.br\/index.php\/2024\/05\/08\/jeronimo-embarca-neste-sabado-em-viagem-para-a-europa\/","title":{"rendered":"Jer\u00f4nimo embarca neste s\u00e1bado em viagem para a Europa"},"content":{"rendered":"\n<p>O governador Jer\u00f4nimo Rodrigues far\u00e1 uma viagem internacional no pr\u00f3ximo s\u00e1bado, 11.\u00a0Com a viagem, o Governo da Bahia ser\u00e1 comandado inteirinamente pelo presidente da Assembleia Legislativa da Bahia, deputado Adolfo Menezes (PSD).<\/p>\n\n\n\n<p>Informa\u00e7\u00f5es obtidas d\u00e3o conta de que o chefe do Executivo visitar\u00e1\u00a0Bruxelas e Amsterd\u00e3, capitais da B\u00e9lgica e Holanda, respectivamente. A viagem tem previs\u00e3o de dura\u00e7\u00e3o de 10 dias.\u00a0 <\/p>\n\n\n\n<p>Fonte: A Tarde<\/p>\n","protected":false},"excerpt":{"rendered":"<p>O governador Jer\u00f4nimo Rodrigues far\u00e1 uma viagem internacional no pr\u00f3ximo s\u00e1bado, 11.\u00a0Com a viagem, o Governo da Bahia ser\u00e1 comandado inteirinamente pelo presidente da Assembleia Legislativa da Bahia, deputado Adolfo Menezes (PSD). Informa\u00e7\u00f5es obtidas d\u00e3o conta de que o chefe do Executivo visitar\u00e1\u00a0Bruxelas e Amsterd\u00e3, capitais da B\u00e9lgica e Holanda, respectivamente. A viagem tem previs\u00e3o [&hellip;]<\/p>\n","protected":false},"author":2,"featured_media":9082,"comment_status":"open","ping_status":"open","sticky":false,"template":"","format":"standard","meta":{"footnotes":""},"categories":[91],"tags":[],"class_list":["post-9081","post","type-post","status-publish","format-standard","has-post-thumbnail","hentry","category-politica"],"_links":{"self":[{"href":"https:\/\/suburbionoar.com.br\/index.php\/wp-json\/wp\/v2\/posts\/9081","targetHints":{"allow":["GET"]}}],"collection":[{"href":"https:\/\/suburbionoar.com.br\/index.php\/wp-json\/wp\/v2\/posts"}],"about":[{"href":"https:\/\/suburbionoar.com.br\/index.php\/wp-json\/wp\/v2\/types\/post"}],"author":[{"embeddable":true,"href":"https:\/\/suburbionoar.com.br\/index.php\/wp-json\/wp\/v2\/users\/2"}],"replies":[{"embeddable":true,"href":"https:\/\/suburbionoar.com.br\/index.php\/wp-json\/wp\/v2\/comments?post=9081"}],"version-history":[{"count":1,"href":"https:\/\/suburbionoar.com.br\/index.php\/wp-json\/wp\/v2\/posts\/9081\/revisions"}],"predecessor-version":[{"id":9083,"href":"https:\/\/suburbionoar.com.br\/index.php\/wp-json\/wp\/v2\/posts\/9081\/revisions\/9083"}],"wp:featuredmedia":[{"embeddable":true,"href":"https:\/\/suburbionoar.com.br\/index.php\/wp-json\/wp\/v2\/media\/9082"}],"wp:attachment":[{"href":"https:\/\/suburbionoar.com.br\/index.php\/wp-json\/wp\/v2\/media?parent=9081"}],"wp:term":[{"taxonomy":"category","embeddable":true,"href":"https:\/\/suburbionoar.com.br\/index.php\/wp-json\/wp\/v2\/categories?post=9081"},{"taxonomy":"post_tag","embeddable":true,"href":"https:\/\/suburbionoar.com.br\/index.php\/wp-json\/wp\/v2\/tags?post=9081"}],"curies":[{"name":"wp","href":"https:\/\/api.w.org\/{rel}","templated":true}]}}