{"id":9078,"date":"2024-05-08T14:09:54","date_gmt":"2024-05-08T17:09:54","guid":{"rendered":"https:\/\/suburbionoar.com.br\/?p=9078"},"modified":"2024-05-08T14:09:57","modified_gmt":"2024-05-08T17:09:57","slug":"mudancas-climaticas-causaram-recorde-de-desastres-na-america-latina","status":"publish","type":"post","link":"https:\/\/suburbionoar.com.br\/index.php\/2024\/05\/08\/mudancas-climaticas-causaram-recorde-de-desastres-na-america-latina\/","title":{"rendered":"Mudan\u00e7as clim\u00e1ticas causaram recorde de desastres na Am\u00e9rica Latina"},"content":{"rendered":"\n<p>O fen\u00f4meno El Ni\u00f1o e os efeitos do aquecimento global provocado pelas atividades humanas provocaram um recorde de desastres clim\u00e1ticos na Am\u00e9rica Latina e no Caribe em 2023, informou, nesta quarta-feira, 8, a Organiza\u00e7\u00e3o Meteorol\u00f3gica Mundial (OMM), uma ag\u00eancia da ONU.<\/p>\n\n\n\n<p>O ano passado foi o mais quente de que se tem registro na regi\u00e3o, ressaltou o informe, que tamb\u00e9m adverte que a eleva\u00e7\u00e3o do n\u00edvel do mar e o recuo das geleiras prosseguiu, e que &#8220;uma grande mudan\u00e7a&#8221; na distribui\u00e7\u00e3o de chuvas causou secas e inc\u00eandios florestais, mas tamb\u00e9m inunda\u00e7\u00f5es e deslizamentos.<\/p>\n\n\n\n<p>&#8220;Infelizmente, 2023 foi um ano em que os perigos clim\u00e1ticos bateram recordes na Am\u00e9rica Latina e no Caribe&#8221;, disse a secret\u00e1ria-geral da OMM, Celeste Saulo, em comunicado.<\/p>\n\n\n\n<p>Saulo atribuiu o aumento destes eventos extremos \u00e0 combina\u00e7\u00e3o das condi\u00e7\u00f5es associadas ao El Ni\u00f1o com as consequ\u00eancias das mudan\u00e7as clim\u00e1ticas induzidas pelos humanos.<\/p>\n\n\n\n<p>A OMM descreveu o El Ni\u00f1o como um padr\u00e3o clim\u00e1tico natural associado ao aquecimento da superf\u00edcie oce\u00e2nica no Pac\u00edfico tropical, que geralmente ocorre a cada dois a sete anos e dura entre nove e doze meses. Mas sublinhou que atualmente ocorre no contexto de um clima alterado pelas atividades humanas.<\/p>\n\n\n\n<p>Em 2023, foram notificados 67 epis\u00f3dios de desastres meteorol\u00f3gicos, hidrol\u00f3gicos e clim\u00e1ticos na regi\u00e3o. Destes, 77% estavam ligados a tempestades e enchentes, afirma o relat\u00f3rio da OMM, com base em dados do Centro de Pesquisa sobre Epidemiologia de Desastres (CRED).<\/p>\n\n\n\n<p>Entre os desastres clim\u00e1ticos de 2023, a OMM destacou o furac\u00e3o Otis, que devastou o balne\u00e1rio mexicano de Acapulco em outubro, deixando pelo menos 45 mortos e danos milion\u00e1rios.<\/p>\n\n\n\n<p>Tamb\u00e9m mencionou a intensa seca que atingiu a regi\u00e3o, que fez com que fosse registrado o n\u00edvel mais baixo do rio Negro na Amaz\u00f4nia em mais de 120 anos de medi\u00e7\u00f5es, e que o tr\u00e1fego de navios pelo Canal do Panam\u00e1 estivesse &#8220;gravemente&#8221; interrompido desde agosto.<\/p>\n\n\n\n<p>Al\u00e9m disso, destacou que a seca na bacia do Prata afetou o norte da Argentina e o sul do Brasil e atingiu especialmente o Uruguai, que viveu o ver\u00e3o mais seco em 42 anos e sofreu uma grave falta de \u00e1gua.<\/p>\n\n\n\n<p>A tudo isto a OMM somou o flagelo das chuvas torrenciais que deixaram dezenas de mortos devido a deslizamentos de terras e enchentes, tanto no sudeste do Brasil em fevereiro, como na Jamaica, no Haiti e na Rep\u00fablica Dominicana, em novembro.<\/p>\n\n\n\n<p>Fonte: A Tarde <\/p>\n","protected":false},"excerpt":{"rendered":"<p>O fen\u00f4meno El Ni\u00f1o e os efeitos do aquecimento global provocado pelas atividades humanas provocaram um recorde de desastres clim\u00e1ticos na Am\u00e9rica Latina e no Caribe em 2023, informou, nesta quarta-feira, 8, a Organiza\u00e7\u00e3o Meteorol\u00f3gica Mundial (OMM), uma ag\u00eancia da ONU. O ano passado foi o mais quente de que se tem registro na regi\u00e3o, [&hellip;]<\/p>\n","protected":false},"author":2,"featured_media":9079,"comment_status":"open","ping_status":"open","sticky":false,"template":"","format":"standard","meta":{"footnotes":""},"categories":[85],"tags":[],"class_list":["post-9078","post","type-post","status-publish","format-standard","has-post-thumbnail","hentry","category-noticias"],"_links":{"self":[{"href":"https:\/\/suburbionoar.com.br\/index.php\/wp-json\/wp\/v2\/posts\/9078","targetHints":{"allow":["GET"]}}],"collection":[{"href":"https:\/\/suburbionoar.com.br\/index.php\/wp-json\/wp\/v2\/posts"}],"about":[{"href":"https:\/\/suburbionoar.com.br\/index.php\/wp-json\/wp\/v2\/types\/post"}],"author":[{"embeddable":true,"href":"https:\/\/suburbionoar.com.br\/index.php\/wp-json\/wp\/v2\/users\/2"}],"replies":[{"embeddable":true,"href":"https:\/\/suburbionoar.com.br\/index.php\/wp-json\/wp\/v2\/comments?post=9078"}],"version-history":[{"count":1,"href":"https:\/\/suburbionoar.com.br\/index.php\/wp-json\/wp\/v2\/posts\/9078\/revisions"}],"predecessor-version":[{"id":9080,"href":"https:\/\/suburbionoar.com.br\/index.php\/wp-json\/wp\/v2\/posts\/9078\/revisions\/9080"}],"wp:featuredmedia":[{"embeddable":true,"href":"https:\/\/suburbionoar.com.br\/index.php\/wp-json\/wp\/v2\/media\/9079"}],"wp:attachment":[{"href":"https:\/\/suburbionoar.com.br\/index.php\/wp-json\/wp\/v2\/media?parent=9078"}],"wp:term":[{"taxonomy":"category","embeddable":true,"href":"https:\/\/suburbionoar.com.br\/index.php\/wp-json\/wp\/v2\/categories?post=9078"},{"taxonomy":"post_tag","embeddable":true,"href":"https:\/\/suburbionoar.com.br\/index.php\/wp-json\/wp\/v2\/tags?post=9078"}],"curies":[{"name":"wp","href":"https:\/\/api.w.org\/{rel}","templated":true}]}}