{"id":9074,"date":"2024-05-08T13:50:43","date_gmt":"2024-05-08T16:50:43","guid":{"rendered":"https:\/\/suburbionoar.com.br\/?p=9074"},"modified":"2024-05-08T13:50:45","modified_gmt":"2024-05-08T16:50:45","slug":"prefeito-afirma-que-nao-havera-novo-reajuste-da-tarifa-de-onibus","status":"publish","type":"post","link":"https:\/\/suburbionoar.com.br\/index.php\/2024\/05\/08\/prefeito-afirma-que-nao-havera-novo-reajuste-da-tarifa-de-onibus\/","title":{"rendered":"Prefeito afirma que n\u00e3o haver\u00e1 novo reajuste da tarifa de \u00f4nibus"},"content":{"rendered":"\n<p>O prefeito Bruno Reis afirmou nesta quarta-feira, 8, que n\u00e3o haver\u00e1 reajuste do transporte p\u00fablico de Salvador em 2024, mesmo com o fim da desonera\u00e7\u00e3o da folha de pagamento, proposto pelo governo federal, que vai impactar no setor em todo o pa\u00eds, n\u00e3o apenas na capital baiana, elevando os custos de opera\u00e7\u00e3o.<\/p>\n\n\n\n<p>O prefeito citou a crise no sistema de transporte metropolitano na Bahia, com fechamento de empresas e demiss\u00e3o de trabalhadores, al\u00e9m de criticar a reonera\u00e7\u00e3o da folha, que poderia impactar em cerca de 25 centavos no valor da tarifa. O prefeito disse ainda esperar que o fim da desonera\u00e7\u00e3o possa ser revisto.<\/p>\n\n\n\n<p>\u201cPrimeiro, n\u00e3o ter\u00e1 nenhum reajuste esse ano, n\u00e3o existe essa possibilidade. Segundo, infelizmente, o governo federal que n\u00e3o ajuda, que n\u00e3o paga o subs\u00eddio, que n\u00e3o concede benef\u00edcios e incentivos fiscais aos insumos do transporte p\u00fablico, agora vem com a reonera\u00e7\u00e3o da folha, que \u00e9 o principal componente do transporte p\u00fablico, porque a m\u00e3o de obra dos motoristas cobradores ter\u00e3o incid\u00eancia do tributo. Isso impacta 25 centavos na tarifa\u201d, disse em resposta ao questionamento da reportagem. <\/p>\n\n\n\n<p>\u201c\u00c9 lament\u00e1vel que servi\u00e7os essenciais que est\u00e3o colapsando, como o transporte p\u00fablico, n\u00e3o tenham a sensibilidade dos governantes para estabelecer as suas devidas exce\u00e7\u00f5es. Esperamos que ainda o Congresso, diante das negocia\u00e7\u00f5es que vem tentando, ou at\u00e9 mesmo a Justi\u00e7a, possa rever em especial o caso do transporte p\u00fablico, que sem sombra de d\u00favidas, \u00e9 o maior problema n\u00e3o \u00e9 de Salvador n\u00e3o, \u00e9 das m\u00e9dias e grandes cidades do Brasil\u201d, acrescentou. <\/p>\n\n\n\n<p>Bruno Reis afirmou ainda que, das 11 empresas que integravam o sistema metropolitano, cinco j\u00e1 quebraram, provocando a demiss\u00e3o de cerca de 1,5 mil trabalhadores. \u201cMuito provavelmente algumas (empresas) possam vir a falir por conta da desonera\u00e7\u00e3o da folha. Em qualquer cidade do Brasil, voc\u00eas v\u00e3o ver o dilema, a afli\u00e7\u00e3o que os prefeitos vivem para manter o transporte p\u00fablico funcionando\u201d, salientou.<\/p>\n\n\n\n<p>Em Salvador, Bruno ressaltou que a Prefeitura j\u00e1 paga 32 centavos por passagem com o subs\u00eddio aprovado no ano passado, o primeiro subs\u00eddio regular da hist\u00f3ria da cidade, garantindo o funcionamento do servi\u00e7o.\u00a0<\/p>\n\n\n\n<p>Fonte: A Tarde <\/p>\n","protected":false},"excerpt":{"rendered":"<p>O prefeito Bruno Reis afirmou nesta quarta-feira, 8, que n\u00e3o haver\u00e1 reajuste do transporte p\u00fablico de Salvador em 2024, mesmo com o fim da desonera\u00e7\u00e3o da folha de pagamento, proposto pelo governo federal, que vai impactar no setor em todo o pa\u00eds, n\u00e3o apenas na capital baiana, elevando os custos de opera\u00e7\u00e3o. O prefeito citou [&hellip;]<\/p>\n","protected":false},"author":2,"featured_media":9075,"comment_status":"open","ping_status":"open","sticky":false,"template":"","format":"standard","meta":{"footnotes":""},"categories":[91],"tags":[],"class_list":["post-9074","post","type-post","status-publish","format-standard","has-post-thumbnail","hentry","category-politica"],"_links":{"self":[{"href":"https:\/\/suburbionoar.com.br\/index.php\/wp-json\/wp\/v2\/posts\/9074","targetHints":{"allow":["GET"]}}],"collection":[{"href":"https:\/\/suburbionoar.com.br\/index.php\/wp-json\/wp\/v2\/posts"}],"about":[{"href":"https:\/\/suburbionoar.com.br\/index.php\/wp-json\/wp\/v2\/types\/post"}],"author":[{"embeddable":true,"href":"https:\/\/suburbionoar.com.br\/index.php\/wp-json\/wp\/v2\/users\/2"}],"replies":[{"embeddable":true,"href":"https:\/\/suburbionoar.com.br\/index.php\/wp-json\/wp\/v2\/comments?post=9074"}],"version-history":[{"count":1,"href":"https:\/\/suburbionoar.com.br\/index.php\/wp-json\/wp\/v2\/posts\/9074\/revisions"}],"predecessor-version":[{"id":9076,"href":"https:\/\/suburbionoar.com.br\/index.php\/wp-json\/wp\/v2\/posts\/9074\/revisions\/9076"}],"wp:featuredmedia":[{"embeddable":true,"href":"https:\/\/suburbionoar.com.br\/index.php\/wp-json\/wp\/v2\/media\/9075"}],"wp:attachment":[{"href":"https:\/\/suburbionoar.com.br\/index.php\/wp-json\/wp\/v2\/media?parent=9074"}],"wp:term":[{"taxonomy":"category","embeddable":true,"href":"https:\/\/suburbionoar.com.br\/index.php\/wp-json\/wp\/v2\/categories?post=9074"},{"taxonomy":"post_tag","embeddable":true,"href":"https:\/\/suburbionoar.com.br\/index.php\/wp-json\/wp\/v2\/tags?post=9074"}],"curies":[{"name":"wp","href":"https:\/\/api.w.org\/{rel}","templated":true}]}}