{"id":9067,"date":"2024-05-08T10:46:17","date_gmt":"2024-05-08T13:46:17","guid":{"rendered":"https:\/\/suburbionoar.com.br\/?p=9067"},"modified":"2024-05-08T10:46:19","modified_gmt":"2024-05-08T13:46:19","slug":"vereador-de-salvador-propoe-a-inclusao-do-ferry-boat-no-sistema-de-integracao-de-transporte-publico","status":"publish","type":"post","link":"https:\/\/suburbionoar.com.br\/index.php\/2024\/05\/08\/vereador-de-salvador-propoe-a-inclusao-do-ferry-boat-no-sistema-de-integracao-de-transporte-publico\/","title":{"rendered":"Vereador de Salvador prop\u00f5e a inclus\u00e3o do Ferry-Boat no sistema de integra\u00e7\u00e3o de transporte p\u00fablico"},"content":{"rendered":"\n<p>O vereador Randerson Leal (Podemos), apresentou na C\u00e2mara Municipal de Salvador um Projeto de Indica\u00e7\u00e3o N\u00ba 60\/2024 que visa beneficiar os usu\u00e1rios que fazem o trajeto Salvador- Ilha de Itaparica e utilizam outros transportes p\u00fablicos na capital baiana e regi\u00e3o metropolitana.&nbsp;<\/p>\n\n\n\n<p>A proposta solicita ao Governador Jer\u00f4nimo Rodrigues (PT) que os passageiros que utilizam o sistema Ferry-Boat, realizem a integra\u00e7\u00e3o independentemente do bilhete eletr\u00f4nico como CCR Metr\u00f4 Bahia, Salvador Card ou Metro Passe e paguem apenas uma \u00fanica passagem.<\/p>\n\n\n\n<p>Segundo o documento, a a\u00e7\u00e3o visa beneficiar a popula\u00e7\u00e3o mais carente que depende do transporte p\u00fablico para se deslocar entre a capital e a ilha de Itaparica, permitindo que os usu\u00e1rios possam acessar facilmente os servi\u00e7os, as oportunidades de ensino profissionais e as atividades oferecidas em Salvador, sem ter que pagar mais por isso.\u00a0<br>\u201cCom isso, a popula\u00e7\u00e3o ganha mais op\u00e7\u00f5es de locomo\u00e7\u00e3o e pode escolher a melhor forma de deslocamento, sem pagar tarifa adicional\u201d, destaca Randerson Leal.<\/p>\n\n\n\n<p>Fonte: Bahia Not\u00edcias<\/p>\n","protected":false},"excerpt":{"rendered":"<p>O vereador Randerson Leal (Podemos), apresentou na C\u00e2mara Municipal de Salvador um Projeto de Indica\u00e7\u00e3o N\u00ba 60\/2024 que visa beneficiar os usu\u00e1rios que fazem o trajeto Salvador- Ilha de Itaparica e utilizam outros transportes p\u00fablicos na capital baiana e regi\u00e3o metropolitana.&nbsp; A proposta solicita ao Governador Jer\u00f4nimo Rodrigues (PT) que os passageiros que utilizam o [&hellip;]<\/p>\n","protected":false},"author":2,"featured_media":9068,"comment_status":"open","ping_status":"open","sticky":false,"template":"","format":"standard","meta":{"footnotes":""},"categories":[91],"tags":[],"class_list":["post-9067","post","type-post","status-publish","format-standard","has-post-thumbnail","hentry","category-politica"],"_links":{"self":[{"href":"https:\/\/suburbionoar.com.br\/index.php\/wp-json\/wp\/v2\/posts\/9067","targetHints":{"allow":["GET"]}}],"collection":[{"href":"https:\/\/suburbionoar.com.br\/index.php\/wp-json\/wp\/v2\/posts"}],"about":[{"href":"https:\/\/suburbionoar.com.br\/index.php\/wp-json\/wp\/v2\/types\/post"}],"author":[{"embeddable":true,"href":"https:\/\/suburbionoar.com.br\/index.php\/wp-json\/wp\/v2\/users\/2"}],"replies":[{"embeddable":true,"href":"https:\/\/suburbionoar.com.br\/index.php\/wp-json\/wp\/v2\/comments?post=9067"}],"version-history":[{"count":1,"href":"https:\/\/suburbionoar.com.br\/index.php\/wp-json\/wp\/v2\/posts\/9067\/revisions"}],"predecessor-version":[{"id":9069,"href":"https:\/\/suburbionoar.com.br\/index.php\/wp-json\/wp\/v2\/posts\/9067\/revisions\/9069"}],"wp:featuredmedia":[{"embeddable":true,"href":"https:\/\/suburbionoar.com.br\/index.php\/wp-json\/wp\/v2\/media\/9068"}],"wp:attachment":[{"href":"https:\/\/suburbionoar.com.br\/index.php\/wp-json\/wp\/v2\/media?parent=9067"}],"wp:term":[{"taxonomy":"category","embeddable":true,"href":"https:\/\/suburbionoar.com.br\/index.php\/wp-json\/wp\/v2\/categories?post=9067"},{"taxonomy":"post_tag","embeddable":true,"href":"https:\/\/suburbionoar.com.br\/index.php\/wp-json\/wp\/v2\/tags?post=9067"}],"curies":[{"name":"wp","href":"https:\/\/api.w.org\/{rel}","templated":true}]}}