{"id":9052,"date":"2024-05-07T15:46:15","date_gmt":"2024-05-07T18:46:15","guid":{"rendered":"https:\/\/suburbionoar.com.br\/?p=9052"},"modified":"2024-05-07T15:46:18","modified_gmt":"2024-05-07T18:46:18","slug":"atlasintel-populacao-segue-otimista-e-acredita-em-melhora-do-brasil","status":"publish","type":"post","link":"https:\/\/suburbionoar.com.br\/index.php\/2024\/05\/07\/atlasintel-populacao-segue-otimista-e-acredita-em-melhora-do-brasil\/","title":{"rendered":"AtlasIntel: popula\u00e7\u00e3o segue otimista e acredita em melhora do Brasil"},"content":{"rendered":"\n<p>A popula\u00e7\u00e3o brasileira segue otimista e acreditando que a situa\u00e7\u00e3o do pa\u00eds deve melhorar nos pr\u00f3ximos seis meses, como revelado nesta ter\u00e7a-feira, 7, pelo instituto AtlasIntel.\u00a0<\/p>\n\n\n\n<p>A nova pesquisa do instituto, que pautou a\u00a0avalia\u00e7\u00e3o de desempenho do governo Lula no \u00faltimo bimestre, mostra que a maioria dos brasileiros acreditam na melhora do cen\u00e1rio econ\u00f4mico e na situa\u00e7\u00e3o do mercado de trabalho do pa\u00eds.<\/p>\n\n\n\n<p>Quando perguntados sobre o que esperam dos cen\u00e1rios nos pr\u00f3ximos seis meses, 55% dos entrevistados acreditam que a situa\u00e7\u00e3o do mercado de trabalho ir\u00e1 melhorar, 52% acreditam na melhora da situa\u00e7\u00e3o econ\u00f4mica do pa\u00eds e 51% esperam o crescimento na situa\u00e7\u00e3o econ\u00f4mica de suas fam\u00edlias. <\/p>\n\n\n\n<p>Os dados apresentam um crescimento de 2 pontos percentuais em rela\u00e7\u00e3o \u00e0\u00a0pesquisa divulgada no m\u00eas de mar\u00e7o, quando 50% dos brasileiros acreditavam na melhora da situa\u00e7\u00e3o econ\u00f4mica do pa\u00eds no pr\u00f3ximo semestre.<\/p>\n\n\n\n<p>Esse otimismo \u00e9 ainda maior entre as mulheres, com 66,6% das respondentes crendo na melhora do mercado de trabalho e 62,5% acreditando na melhora da situa\u00e7\u00e3o econ\u00f4mica do pa\u00eds, e entre os moradores das regi\u00f5es Nordeste, com 67,8%, e Sudeste, com 56,8%,<\/p>\n\n\n\n<p>O AtlasIntel entrevistou 1.904 pessoas atrav\u00e9s de recrutamento digital aleat\u00f3rio entre os dias 3 e 6 de maio de 2024. A margem de erro do levantamento \u00e9 de 2 pontos percentuais, para mais ou para menos, com n\u00edvel de confian\u00e7a de 95%. <\/p>\n\n\n\n<p>O Instituto AtlasIntel foi o\u00a0\u00fanico a apontar tanto a virada como a vit\u00f3ria do atual governador\u00a0Jer\u00f4nimo Rodrigues (PT) sobre o ex-prefeito ACM Neto (Uni\u00e3o Brasil),\u00a0nas elei\u00e7\u00f5es de 2022. No cen\u00e1rio internacional, cravou\u00a0os resultados do primeiro e segundo turnos na Argentina\u00a0e acertou nos cen\u00e1rios das elei\u00e7\u00f5es presidenciais da Col\u00f4mbia em 2022 e nos Estados Unidos em 2020.<\/p>\n\n\n\n<p>Em 2024, a AtlasIntel continua sua parceria com, j\u00e1 tendo divulgado pesquisas em\u00a0Salvador,\u00a0Cama\u00e7ari\u00a0e\u00a0Feira de Santana. <\/p>\n\n\n\n<p>Fonte: A Tarde<\/p>\n","protected":false},"excerpt":{"rendered":"<p>A popula\u00e7\u00e3o brasileira segue otimista e acreditando que a situa\u00e7\u00e3o do pa\u00eds deve melhorar nos pr\u00f3ximos seis meses, como revelado nesta ter\u00e7a-feira, 7, pelo instituto AtlasIntel.\u00a0 A nova pesquisa do instituto, que pautou a\u00a0avalia\u00e7\u00e3o de desempenho do governo Lula no \u00faltimo bimestre, mostra que a maioria dos brasileiros acreditam na melhora do cen\u00e1rio econ\u00f4mico e [&hellip;]<\/p>\n","protected":false},"author":2,"featured_media":9053,"comment_status":"open","ping_status":"open","sticky":false,"template":"","format":"standard","meta":{"footnotes":""},"categories":[91],"tags":[],"class_list":["post-9052","post","type-post","status-publish","format-standard","has-post-thumbnail","hentry","category-politica"],"_links":{"self":[{"href":"https:\/\/suburbionoar.com.br\/index.php\/wp-json\/wp\/v2\/posts\/9052","targetHints":{"allow":["GET"]}}],"collection":[{"href":"https:\/\/suburbionoar.com.br\/index.php\/wp-json\/wp\/v2\/posts"}],"about":[{"href":"https:\/\/suburbionoar.com.br\/index.php\/wp-json\/wp\/v2\/types\/post"}],"author":[{"embeddable":true,"href":"https:\/\/suburbionoar.com.br\/index.php\/wp-json\/wp\/v2\/users\/2"}],"replies":[{"embeddable":true,"href":"https:\/\/suburbionoar.com.br\/index.php\/wp-json\/wp\/v2\/comments?post=9052"}],"version-history":[{"count":1,"href":"https:\/\/suburbionoar.com.br\/index.php\/wp-json\/wp\/v2\/posts\/9052\/revisions"}],"predecessor-version":[{"id":9054,"href":"https:\/\/suburbionoar.com.br\/index.php\/wp-json\/wp\/v2\/posts\/9052\/revisions\/9054"}],"wp:featuredmedia":[{"embeddable":true,"href":"https:\/\/suburbionoar.com.br\/index.php\/wp-json\/wp\/v2\/media\/9053"}],"wp:attachment":[{"href":"https:\/\/suburbionoar.com.br\/index.php\/wp-json\/wp\/v2\/media?parent=9052"}],"wp:term":[{"taxonomy":"category","embeddable":true,"href":"https:\/\/suburbionoar.com.br\/index.php\/wp-json\/wp\/v2\/categories?post=9052"},{"taxonomy":"post_tag","embeddable":true,"href":"https:\/\/suburbionoar.com.br\/index.php\/wp-json\/wp\/v2\/tags?post=9052"}],"curies":[{"name":"wp","href":"https:\/\/api.w.org\/{rel}","templated":true}]}}