{"id":8498,"date":"2024-03-27T12:00:03","date_gmt":"2024-03-27T15:00:03","guid":{"rendered":"https:\/\/suburbionoar.com.br\/?p=8498"},"modified":"2024-03-27T12:00:05","modified_gmt":"2024-03-27T15:00:05","slug":"professores-de-salvador-terao-reajuste-salarial-de-8","status":"publish","type":"post","link":"https:\/\/suburbionoar.com.br\/index.php\/2024\/03\/27\/professores-de-salvador-terao-reajuste-salarial-de-8\/","title":{"rendered":"Professores de Salvador ter\u00e3o reajuste salarial de 8%"},"content":{"rendered":"\n<p>Professores, gestores escolares e coordenadores pedag\u00f3gicos da Rede Municipal ter\u00e3o 8% de reajuste salarial em 2024. O percentual representa quase o dobro do IPCA de 2023, que foi de 4,62%. O acordo foi assinado pela Prefeitura e pela APLB Sindicato na manh\u00e3 desta ter\u00e7a-feira (26).<\/p>\n\n\n\n<p>O valor foi acordado ap\u00f3s uma s\u00e9rie de rodadas de negocia\u00e7\u00e3o entre o munic\u00edpio, representado pelas secretarias municipais de Gest\u00e3o (Semge) e da Educa\u00e7\u00e3o (Smed), e a representa\u00e7\u00e3o sindical da categoria.<\/p>\n\n\n\n<p>Para o secret\u00e1rio de Gest\u00e3o, Rodrigo Alves, o acordo representa um importante avan\u00e7o na valoriza\u00e7\u00e3o do magist\u00e9rio municipal.&nbsp;<em>\u201cO acordo \u00e9 fruto de um di\u00e1logo permanente, da discuss\u00e3o e negocia\u00e7\u00e3o das pautas de reivindica\u00e7\u00f5es apresentadas pela categoria. Constru\u00edmos juntos esse consenso de um reajuste salarial diferenciado, que reflete nossa pol\u00edtica de valoriza\u00e7\u00e3o dos professores e demais servidores do magist\u00e9rio\u201d<\/em>, diz.<\/p>\n\n\n\n<p><em>\u201cForam reuni\u00f5es pautadas pelo di\u00e1logo e respeito m\u00fatuo, que permitiram, mais uma vez, concluir uma campanha salarial assegurando ganhos reais para os profissionais do Magist\u00e9rio Municipal\u201d, afirma Thiago Dantas, secret\u00e1rio da Educa\u00e7\u00e3o. \u201cComo prometido pelo Prefeito Bruno Reis, a valoriza\u00e7\u00e3o dos Educadores foi garantida mediante um reajuste diferenciado, de 8%, linear, para toda categoria, inclusive aposentados\u201d,<\/em>&nbsp;frisa.<\/p>\n\n\n\n<p>Para Dantas, a pauta de valoriza\u00e7\u00e3o prossegue com a convoca\u00e7\u00e3o de mais professores e com investimentos em infraestrutura, com especial destaque para a climatiza\u00e7\u00e3o das salas de aula da Rede Municipal de Educa\u00e7\u00e3o.\u00a0<em>\u201cTodas essas a\u00e7\u00f5es se somam e objetivam consolidar Salvador como refer\u00eancia em Educa\u00e7\u00e3o P\u00fablica de qualidade\u201d<\/em>, conclui o gestor.<\/p>\n\n\n\n<p>Fonte: Varela Net<\/p>\n","protected":false},"excerpt":{"rendered":"<p>Professores, gestores escolares e coordenadores pedag\u00f3gicos da Rede Municipal ter\u00e3o 8% de reajuste salarial em 2024. O percentual representa quase o dobro do IPCA de 2023, que foi de 4,62%. O acordo foi assinado pela Prefeitura e pela APLB Sindicato na manh\u00e3 desta ter\u00e7a-feira (26). O valor foi acordado ap\u00f3s uma s\u00e9rie de rodadas de [&hellip;]<\/p>\n","protected":false},"author":2,"featured_media":8499,"comment_status":"open","ping_status":"open","sticky":false,"template":"","format":"standard","meta":{"footnotes":""},"categories":[85],"tags":[],"class_list":["post-8498","post","type-post","status-publish","format-standard","has-post-thumbnail","hentry","category-noticias"],"_links":{"self":[{"href":"https:\/\/suburbionoar.com.br\/index.php\/wp-json\/wp\/v2\/posts\/8498","targetHints":{"allow":["GET"]}}],"collection":[{"href":"https:\/\/suburbionoar.com.br\/index.php\/wp-json\/wp\/v2\/posts"}],"about":[{"href":"https:\/\/suburbionoar.com.br\/index.php\/wp-json\/wp\/v2\/types\/post"}],"author":[{"embeddable":true,"href":"https:\/\/suburbionoar.com.br\/index.php\/wp-json\/wp\/v2\/users\/2"}],"replies":[{"embeddable":true,"href":"https:\/\/suburbionoar.com.br\/index.php\/wp-json\/wp\/v2\/comments?post=8498"}],"version-history":[{"count":1,"href":"https:\/\/suburbionoar.com.br\/index.php\/wp-json\/wp\/v2\/posts\/8498\/revisions"}],"predecessor-version":[{"id":8500,"href":"https:\/\/suburbionoar.com.br\/index.php\/wp-json\/wp\/v2\/posts\/8498\/revisions\/8500"}],"wp:featuredmedia":[{"embeddable":true,"href":"https:\/\/suburbionoar.com.br\/index.php\/wp-json\/wp\/v2\/media\/8499"}],"wp:attachment":[{"href":"https:\/\/suburbionoar.com.br\/index.php\/wp-json\/wp\/v2\/media?parent=8498"}],"wp:term":[{"taxonomy":"category","embeddable":true,"href":"https:\/\/suburbionoar.com.br\/index.php\/wp-json\/wp\/v2\/categories?post=8498"},{"taxonomy":"post_tag","embeddable":true,"href":"https:\/\/suburbionoar.com.br\/index.php\/wp-json\/wp\/v2\/tags?post=8498"}],"curies":[{"name":"wp","href":"https:\/\/api.w.org\/{rel}","templated":true}]}}