{"id":8489,"date":"2024-03-27T11:36:58","date_gmt":"2024-03-27T14:36:58","guid":{"rendered":"https:\/\/suburbionoar.com.br\/?p=8489"},"modified":"2024-03-27T11:37:00","modified_gmt":"2024-03-27T14:37:00","slug":"tarifa-de-onibus-sofre-aumento-na-regiao-metropolitana-de-salvador","status":"publish","type":"post","link":"https:\/\/suburbionoar.com.br\/index.php\/2024\/03\/27\/tarifa-de-onibus-sofre-aumento-na-regiao-metropolitana-de-salvador\/","title":{"rendered":"Tarifa de \u00f4nibus sofre aumento na Regi\u00e3o Metropolitana de Salvador"},"content":{"rendered":"\n<p>Na manh\u00e3 desta quarta-feira (27), os passageiros que utilizam o transporte metropolitano foram surpreendidos com o aumento da passagem. A tarifa que antes era R$&nbsp;4,80 subiu para R$&nbsp;5,20.&nbsp;<\/p>\n\n\n\n<p>Os passageiros que utilizam as linhas para as cidades de Lauro de Freitas, Cama\u00e7ari e Sim\u00f5es Filho&nbsp;afirmaram que n\u00e3o foram avisados do aumento da tarifa. O \u00faltimo reajuste havia acontecido em junho de 2022.<\/p>\n\n\n\n<p>O aumento surpreendente acontece depois de duas semanas ap\u00f3s a paralisa\u00e7\u00e3o dos rodovi\u00e1rios do sistema que aconteceu logo no in\u00edcio de mar\u00e7o.<\/p>\n\n\n\n<p>Fonte: Varela Net <\/p>\n","protected":false},"excerpt":{"rendered":"<p>Na manh\u00e3 desta quarta-feira (27), os passageiros que utilizam o transporte metropolitano foram surpreendidos com o aumento da passagem. A tarifa que antes era R$&nbsp;4,80 subiu para R$&nbsp;5,20.&nbsp; Os passageiros que utilizam as linhas para as cidades de Lauro de Freitas, Cama\u00e7ari e Sim\u00f5es Filho&nbsp;afirmaram que n\u00e3o foram avisados do aumento da tarifa. O \u00faltimo [&hellip;]<\/p>\n","protected":false},"author":2,"featured_media":8490,"comment_status":"open","ping_status":"open","sticky":false,"template":"","format":"standard","meta":{"footnotes":""},"categories":[85],"tags":[],"class_list":["post-8489","post","type-post","status-publish","format-standard","has-post-thumbnail","hentry","category-noticias"],"_links":{"self":[{"href":"https:\/\/suburbionoar.com.br\/index.php\/wp-json\/wp\/v2\/posts\/8489","targetHints":{"allow":["GET"]}}],"collection":[{"href":"https:\/\/suburbionoar.com.br\/index.php\/wp-json\/wp\/v2\/posts"}],"about":[{"href":"https:\/\/suburbionoar.com.br\/index.php\/wp-json\/wp\/v2\/types\/post"}],"author":[{"embeddable":true,"href":"https:\/\/suburbionoar.com.br\/index.php\/wp-json\/wp\/v2\/users\/2"}],"replies":[{"embeddable":true,"href":"https:\/\/suburbionoar.com.br\/index.php\/wp-json\/wp\/v2\/comments?post=8489"}],"version-history":[{"count":1,"href":"https:\/\/suburbionoar.com.br\/index.php\/wp-json\/wp\/v2\/posts\/8489\/revisions"}],"predecessor-version":[{"id":8491,"href":"https:\/\/suburbionoar.com.br\/index.php\/wp-json\/wp\/v2\/posts\/8489\/revisions\/8491"}],"wp:featuredmedia":[{"embeddable":true,"href":"https:\/\/suburbionoar.com.br\/index.php\/wp-json\/wp\/v2\/media\/8490"}],"wp:attachment":[{"href":"https:\/\/suburbionoar.com.br\/index.php\/wp-json\/wp\/v2\/media?parent=8489"}],"wp:term":[{"taxonomy":"category","embeddable":true,"href":"https:\/\/suburbionoar.com.br\/index.php\/wp-json\/wp\/v2\/categories?post=8489"},{"taxonomy":"post_tag","embeddable":true,"href":"https:\/\/suburbionoar.com.br\/index.php\/wp-json\/wp\/v2\/tags?post=8489"}],"curies":[{"name":"wp","href":"https:\/\/api.w.org\/{rel}","templated":true}]}}