{"id":8483,"date":"2024-03-26T16:08:35","date_gmt":"2024-03-26T19:08:35","guid":{"rendered":"https:\/\/suburbionoar.com.br\/?p=8483"},"modified":"2024-03-26T16:08:36","modified_gmt":"2024-03-26T19:08:36","slug":"raul-caceres-se-recupera-de-lesao-e-pode-ser-titular-contra-o-treze-leo-conde-estuda-poupar-jogadores","status":"publish","type":"post","link":"https:\/\/suburbionoar.com.br\/index.php\/2024\/03\/26\/raul-caceres-se-recupera-de-lesao-e-pode-ser-titular-contra-o-treze-leo-conde-estuda-poupar-jogadores\/","title":{"rendered":"Ra\u00fal C\u00e1ceres se recupera de les\u00e3o e pode ser titular contra o Treze; L\u00e9o Cond\u00e9 estuda poupar jogadores"},"content":{"rendered":"\n<p>Ap\u00f3s ser vetado pelo Departamento M\u00e9dico do Vit\u00f3ria para a partida contra o Fortaleza, no \u00faltimo s\u00e1bado (23), pela Copa do Nordeste, o lateral-direito Ra\u00fal C\u00e1ceres voltou a ficar \u00e0 disposi\u00e7\u00e3o do t\u00e9cnico L\u00e9o Cond\u00e9 para o decisivo duelo diante do Treze, nesta quarta-feira (27), \u00e0s 21h30, no Barrad\u00e3o, pela 8\u00aa e \u00faltima rodada da fase de grupos da Copa do Nordeste.<\/p>\n\n\n\n<p>O lateral paraguaio participou normalmente do treinamento de ontem, no Centro de Treinamento Manoel Pontes Tanajura, na reapresenta\u00e7\u00e3o rubro-negra ap\u00f3s a vit\u00f3ria por 1 a 0 em Fortaleza. A informa\u00e7\u00e3o foi divulgada inicialmente pelo Canal do Din\u00e2mico e confirmada pelo\u00a0Bahia Not\u00edcias.<\/p>\n\n\n\n<p>Com o retorno, C\u00e1ceres pode substituir o capit\u00e3o Zeca, jogador que foi titular em 16 das 18 partidas do Vit\u00f3ria at\u00e9 agora na temporada. Ap\u00f3s o duelo contra o Le\u00e3o cearense, o t\u00e9cnico L\u00e9o Cond\u00e9 admitiu que estuda poupar alguns titulares de olho na partida contra o Bahia, no pr\u00f3ximo domingo (31), no Barrad\u00e3o, pelo primeiro jogo das finais do Campeonato Baiano.<\/p>\n\n\n\n<p>&#8220;\u00c9 uma avalia\u00e7\u00e3o interna que vamos fazer. Realmente nossa equipe base vem de tr\u00eas jogos muito desgastantes. E querendo ou n\u00e3o, final \u00e9 final. Tem uma import\u00e2ncia muito grande. \u00c9 claro que a gente vai tentar a busca pela classifica\u00e7\u00e3o na Copa do Nordeste, mas tamb\u00e9m vamos avaliar a final. Vamos analisar a condi\u00e7\u00e3o de cada um. Dos jogadores que chegaram, alguns tamb\u00e9m est\u00e3o merecendo oportunidade. Temos que coloc\u00e1-los para jogar e ver o que eles podem nos oferecer na sequ\u00eancia da temporada&#8221;, avaliou L\u00e9o Cond\u00e9.<\/p>\n\n\n\n<p>Os &#8220;jogadores que chegaram&#8221; que Cond\u00e9 se refere s\u00e3o o zagueiro Reynaldo, os volantes Luan Santos, L\u00e9o Naldi e Jean Mota, o meia Pablo e o centroavante Luiz Adriano. Deles, apenas Pablo, que j\u00e1 atuou pelo Jacuipense na pr\u00e9-Copa do Nordeste, n\u00e3o tem condi\u00e7\u00f5es de atuar na partida desta quarta-feira.<\/p>\n\n\n\n<p>Caso entre em campo contra o Treze, C\u00e1ceres estrear\u00e1 com a camisa do Vit\u00f3ria no Barrad\u00e3o. Na temporada, o jogador tem dois jogos como titular, contra Jequi\u00e9 e Juazeirense, partidas onde L\u00e9o Cond\u00e9 optou por poupar atletas. O lateral tamb\u00e9m jogou 14 minutos contra o Barcelona de Ilh\u00e9us e 6 minutos contra o Jacobina, todos fora de casa.<\/p>\n\n\n\n<p>Atualmente na 5\u00aa coloca\u00e7\u00e3o do Grupo A da Copa do Nordeste, o Vit\u00f3ria precisa &#8220;secar&#8221; seus concorrentes para entrar no G4 da chave e avan\u00e7ar para as quartas de final da competi\u00e7\u00e3o.<\/p>\n\n\n\n<p>Fonte: Bahia Not\u00edcias <\/p>\n","protected":false},"excerpt":{"rendered":"<p>Ap\u00f3s ser vetado pelo Departamento M\u00e9dico do Vit\u00f3ria para a partida contra o Fortaleza, no \u00faltimo s\u00e1bado (23), pela Copa do Nordeste, o lateral-direito Ra\u00fal C\u00e1ceres voltou a ficar \u00e0 disposi\u00e7\u00e3o do t\u00e9cnico L\u00e9o Cond\u00e9 para o decisivo duelo diante do Treze, nesta quarta-feira (27), \u00e0s 21h30, no Barrad\u00e3o, pela 8\u00aa e \u00faltima rodada da [&hellip;]<\/p>\n","protected":false},"author":2,"featured_media":8484,"comment_status":"open","ping_status":"open","sticky":false,"template":"","format":"standard","meta":{"footnotes":""},"categories":[89],"tags":[],"class_list":["post-8483","post","type-post","status-publish","format-standard","has-post-thumbnail","hentry","category-esportes"],"_links":{"self":[{"href":"https:\/\/suburbionoar.com.br\/index.php\/wp-json\/wp\/v2\/posts\/8483","targetHints":{"allow":["GET"]}}],"collection":[{"href":"https:\/\/suburbionoar.com.br\/index.php\/wp-json\/wp\/v2\/posts"}],"about":[{"href":"https:\/\/suburbionoar.com.br\/index.php\/wp-json\/wp\/v2\/types\/post"}],"author":[{"embeddable":true,"href":"https:\/\/suburbionoar.com.br\/index.php\/wp-json\/wp\/v2\/users\/2"}],"replies":[{"embeddable":true,"href":"https:\/\/suburbionoar.com.br\/index.php\/wp-json\/wp\/v2\/comments?post=8483"}],"version-history":[{"count":1,"href":"https:\/\/suburbionoar.com.br\/index.php\/wp-json\/wp\/v2\/posts\/8483\/revisions"}],"predecessor-version":[{"id":8485,"href":"https:\/\/suburbionoar.com.br\/index.php\/wp-json\/wp\/v2\/posts\/8483\/revisions\/8485"}],"wp:featuredmedia":[{"embeddable":true,"href":"https:\/\/suburbionoar.com.br\/index.php\/wp-json\/wp\/v2\/media\/8484"}],"wp:attachment":[{"href":"https:\/\/suburbionoar.com.br\/index.php\/wp-json\/wp\/v2\/media?parent=8483"}],"wp:term":[{"taxonomy":"category","embeddable":true,"href":"https:\/\/suburbionoar.com.br\/index.php\/wp-json\/wp\/v2\/categories?post=8483"},{"taxonomy":"post_tag","embeddable":true,"href":"https:\/\/suburbionoar.com.br\/index.php\/wp-json\/wp\/v2\/tags?post=8483"}],"curies":[{"name":"wp","href":"https:\/\/api.w.org\/{rel}","templated":true}]}}