{"id":8259,"date":"2024-03-12T11:13:18","date_gmt":"2024-03-12T14:13:18","guid":{"rendered":"https:\/\/suburbionoar.com.br\/?p=8259"},"modified":"2024-03-12T11:13:20","modified_gmt":"2024-03-12T14:13:20","slug":"cobertura-vacinal-da-covid-19-em-criancas-ainda-esta-abaixo-do-esperado","status":"publish","type":"post","link":"https:\/\/suburbionoar.com.br\/index.php\/2024\/03\/12\/cobertura-vacinal-da-covid-19-em-criancas-ainda-esta-abaixo-do-esperado\/","title":{"rendered":"Cobertura vacinal da Covid-19 em crian\u00e7as ainda est\u00e1 abaixo do esperado"},"content":{"rendered":"\n<p>No que se refere \u00e0 sa\u00fade infantil, muitos pais continuam cometendo neglig\u00eancias. A covid-19 levou a vida de muita gente ao redor do mundo. Ainda assim, com a chegada da vacina contra o v\u00edrus, existem pais que ainda n\u00e3o levaram os filhos, principalmente de 3 a 4 anos de idade, para completar o esquema de vacina\u00e7\u00e3o, sendo um risco \u00e0 sa\u00fade dos pequenos.&nbsp;<strong>&nbsp;<\/strong><\/p>\n\n\n\n<p>Segundo dados de Fevereiro deste ano, levantados pelo Observat\u00f3rio de Sa\u00fade na Inf\u00e2ncia (Observa Inf\u00e2ncia), a cobertura vacinal de crian\u00e7as de 3 a 4 anos est\u00e1 em 23% para as duas doses da vacina e apenas 7% para as tr\u00eas doses do imunizante, que \u00e9 considerado o esquema vacinal completo para este p\u00fablico.&nbsp;<\/p>\n\n\n\n<p>O levantamento ainda apontou que a baixa cobertura vacinal afetou o n\u00famero de \u00f3bitos. Foi registrado nas primeiras oito semanas de 2021 cerca de 118 mortes causadas pela covid em crian\u00e7as at\u00e9 14 anos. No ano seguinte, 2022, no mesmo per\u00edodo foram registradas 326 mortes nessa mesma faixa et\u00e1ria em todo o pa\u00eds.<\/p>\n\n\n\n<p>J\u00e1 no ano passado, o cen\u00e1rio foi bem diferente. Com a aprova\u00e7\u00e3o da vacina para crian\u00e7as a partir de 6 meses, o quantitativo de \u00f3bitos registrados foi de 50. Ainda este ano, nas oito primeiras semanas, foram registrados 48 \u00f3bitos por covid entre crian\u00e7as e adolescentes com menos de 14 anos de idade.<\/p>\n\n\n\n<p>Tosse, febre, fadiga, falta de ar e perda do olfato s\u00e3o os principais sintomas da covid. Muitas vezes, alguns desses sintomas podem ser confundidos com outras doen\u00e7as virais. Diante disso, \u00e9 importante os pais e respons\u00e1veis pela crian\u00e7a tirar essa d\u00favida por meio de um teste de covid para que n\u00e3o haja transmiss\u00e3o da Bahia para outras pessoas.&nbsp;<strong>&nbsp;<\/strong><\/p>\n\n\n\n<p>Higienizar as m\u00e3os com \u00e1gua e sab\u00e3o ou com \u00e1lcool 70\u2070, fazer uso da m\u00e1scara, caso perceba algum sintoma gripal, ainda s\u00e3o as maneiras de se proteger contra a covid-19. Al\u00e9m disso, \u00e9 importante manter o esquema vacinal atualizado, pois \u00e9 por meio da imuniza\u00e7\u00e3o que \u00e9 poss\u00edvel combater doen\u00e7as virais, como a covid.<\/p>\n\n\n\n<p><strong>\u00a0<\/strong>A Secretaria de Sa\u00fade do Estado da Bahia (Sesab) foi procurada pela reportagem da Tribuna da Bahia para saber os dados de casos, \u00f3bitos e cobertura vacinal das crian\u00e7as no estado, contudo at\u00e9 o fechamento desta edi\u00e7\u00e3o n\u00e3o houve retorno da pasta.<\/p>\n\n\n\n<p>Fonte: Tribuna da Bahia <\/p>\n","protected":false},"excerpt":{"rendered":"<p>No que se refere \u00e0 sa\u00fade infantil, muitos pais continuam cometendo neglig\u00eancias. A covid-19 levou a vida de muita gente ao redor do mundo. Ainda assim, com a chegada da vacina contra o v\u00edrus, existem pais que ainda n\u00e3o levaram os filhos, principalmente de 3 a 4 anos de idade, para completar o esquema de [&hellip;]<\/p>\n","protected":false},"author":2,"featured_media":8260,"comment_status":"open","ping_status":"open","sticky":false,"template":"","format":"standard","meta":{"footnotes":""},"categories":[94],"tags":[],"class_list":["post-8259","post","type-post","status-publish","format-standard","has-post-thumbnail","hentry","category-saude-2"],"_links":{"self":[{"href":"https:\/\/suburbionoar.com.br\/index.php\/wp-json\/wp\/v2\/posts\/8259","targetHints":{"allow":["GET"]}}],"collection":[{"href":"https:\/\/suburbionoar.com.br\/index.php\/wp-json\/wp\/v2\/posts"}],"about":[{"href":"https:\/\/suburbionoar.com.br\/index.php\/wp-json\/wp\/v2\/types\/post"}],"author":[{"embeddable":true,"href":"https:\/\/suburbionoar.com.br\/index.php\/wp-json\/wp\/v2\/users\/2"}],"replies":[{"embeddable":true,"href":"https:\/\/suburbionoar.com.br\/index.php\/wp-json\/wp\/v2\/comments?post=8259"}],"version-history":[{"count":1,"href":"https:\/\/suburbionoar.com.br\/index.php\/wp-json\/wp\/v2\/posts\/8259\/revisions"}],"predecessor-version":[{"id":8261,"href":"https:\/\/suburbionoar.com.br\/index.php\/wp-json\/wp\/v2\/posts\/8259\/revisions\/8261"}],"wp:featuredmedia":[{"embeddable":true,"href":"https:\/\/suburbionoar.com.br\/index.php\/wp-json\/wp\/v2\/media\/8260"}],"wp:attachment":[{"href":"https:\/\/suburbionoar.com.br\/index.php\/wp-json\/wp\/v2\/media?parent=8259"}],"wp:term":[{"taxonomy":"category","embeddable":true,"href":"https:\/\/suburbionoar.com.br\/index.php\/wp-json\/wp\/v2\/categories?post=8259"},{"taxonomy":"post_tag","embeddable":true,"href":"https:\/\/suburbionoar.com.br\/index.php\/wp-json\/wp\/v2\/tags?post=8259"}],"curies":[{"name":"wp","href":"https:\/\/api.w.org\/{rel}","templated":true}]}}