{"id":8107,"date":"2024-03-04T11:41:15","date_gmt":"2024-03-04T14:41:15","guid":{"rendered":"https:\/\/suburbionoar.com.br\/?p=8107"},"modified":"2024-03-04T11:41:18","modified_gmt":"2024-03-04T14:41:18","slug":"rui-nega-que-governo-seja-responsavel-por-cortes-nas-universidades","status":"publish","type":"post","link":"https:\/\/suburbionoar.com.br\/index.php\/2024\/03\/04\/rui-nega-que-governo-seja-responsavel-por-cortes-nas-universidades\/","title":{"rendered":"Rui nega que governo seja respons\u00e1vel por cortes nas universidades"},"content":{"rendered":"\n<p>Em entrevista coletiva durante a inaugura\u00e7\u00e3o do Hospital Ortop\u00e9dico do Estado, em Salvador, na manh\u00e3 desta segunda-feira, 4, o ministro da Casa Civil, Rui Costa (PT), negou que o Governo Federal seja respons\u00e1vel por eventuais cortes nos investimentos a universidades federais.<\/p>\n\n\n\n<p>&#8220;O Executivo elabora, envia para o Parlamento, e o Parlamento que d\u00e1 a palavra final do Or\u00e7amento. Eu s\u00f3 posso afirmar que o Or\u00e7amento preparado pelo MEC [Minist\u00e9rio da Educa\u00e7\u00e3o] n\u00e3o continha nenhum corte de recurso das universidades federais&#8221;, afirmou Rui.<\/p>\n\n\n\n<p>A Universidade Federal da Bahia (UFBA) anunciou um corte de R$ 13 milh\u00f5es, o que tem mobilizado professores. O ministro, por\u00e9m, diz enxergar que os planos para reduzir o investimento ocorreram no momento\u00a0 em que o Congresso Nacional definiu as prioridades do Or\u00e7amento. <\/p>\n\n\n\n<p>&#8220;O Executivo enviou o projeto, no m\u00ednimo, com os recursos do ano anterior. Essa foi a elabora\u00e7\u00e3o do Or\u00e7amento em todas as \u00e1reas. Outras \u00e1reas tamb\u00e9m tiveram redu\u00e7\u00e3o de valor em rela\u00e7\u00e3o ao que o Executivo prop\u00f4s. Por exemplo, o Vale G\u00e1s foi reduzido&#8221;, concluiu.<\/p>\n\n\n\n<p>Fonte: A Tarde<\/p>\n","protected":false},"excerpt":{"rendered":"<p>Em entrevista coletiva durante a inaugura\u00e7\u00e3o do Hospital Ortop\u00e9dico do Estado, em Salvador, na manh\u00e3 desta segunda-feira, 4, o ministro da Casa Civil, Rui Costa (PT), negou que o Governo Federal seja respons\u00e1vel por eventuais cortes nos investimentos a universidades federais. &#8220;O Executivo elabora, envia para o Parlamento, e o Parlamento que d\u00e1 a palavra [&hellip;]<\/p>\n","protected":false},"author":2,"featured_media":8108,"comment_status":"open","ping_status":"open","sticky":false,"template":"","format":"standard","meta":{"footnotes":""},"categories":[91],"tags":[],"class_list":["post-8107","post","type-post","status-publish","format-standard","has-post-thumbnail","hentry","category-politica"],"_links":{"self":[{"href":"https:\/\/suburbionoar.com.br\/index.php\/wp-json\/wp\/v2\/posts\/8107","targetHints":{"allow":["GET"]}}],"collection":[{"href":"https:\/\/suburbionoar.com.br\/index.php\/wp-json\/wp\/v2\/posts"}],"about":[{"href":"https:\/\/suburbionoar.com.br\/index.php\/wp-json\/wp\/v2\/types\/post"}],"author":[{"embeddable":true,"href":"https:\/\/suburbionoar.com.br\/index.php\/wp-json\/wp\/v2\/users\/2"}],"replies":[{"embeddable":true,"href":"https:\/\/suburbionoar.com.br\/index.php\/wp-json\/wp\/v2\/comments?post=8107"}],"version-history":[{"count":1,"href":"https:\/\/suburbionoar.com.br\/index.php\/wp-json\/wp\/v2\/posts\/8107\/revisions"}],"predecessor-version":[{"id":8109,"href":"https:\/\/suburbionoar.com.br\/index.php\/wp-json\/wp\/v2\/posts\/8107\/revisions\/8109"}],"wp:featuredmedia":[{"embeddable":true,"href":"https:\/\/suburbionoar.com.br\/index.php\/wp-json\/wp\/v2\/media\/8108"}],"wp:attachment":[{"href":"https:\/\/suburbionoar.com.br\/index.php\/wp-json\/wp\/v2\/media?parent=8107"}],"wp:term":[{"taxonomy":"category","embeddable":true,"href":"https:\/\/suburbionoar.com.br\/index.php\/wp-json\/wp\/v2\/categories?post=8107"},{"taxonomy":"post_tag","embeddable":true,"href":"https:\/\/suburbionoar.com.br\/index.php\/wp-json\/wp\/v2\/tags?post=8107"}],"curies":[{"name":"wp","href":"https:\/\/api.w.org\/{rel}","templated":true}]}}