{"id":8088,"date":"2024-02-29T16:02:58","date_gmt":"2024-02-29T19:02:58","guid":{"rendered":"https:\/\/suburbionoar.com.br\/?p=8088"},"modified":"2024-02-29T16:02:59","modified_gmt":"2024-02-29T19:02:59","slug":"sabrina-sato-e-nicolas-prattes-surgem-juntos-e-confirmam-romance","status":"publish","type":"post","link":"https:\/\/suburbionoar.com.br\/index.php\/2024\/02\/29\/sabrina-sato-e-nicolas-prattes-surgem-juntos-e-confirmam-romance\/","title":{"rendered":"Sabrina Sato e Nicolas Prattes surgem juntos e confirmam romance"},"content":{"rendered":"\n<p>Ap\u00f3s v\u00e1rios rumores, Sabrina Sato e Nicolas Prattes confirmaram que est\u00e3o vivendo um romance ao surgirem juntos em uma viagem nesta quinta-feira, 29.<\/p>\n\n\n\n<p>Sato compartilhou uma paisagem natural e em seguida mostrou Prattes sem camisa, que riu. Ele republicou o v\u00eddeo e tamb\u00e9m fez um registro da apresentadora.<\/p>\n\n\n\n<p>A trilha sonora escolhida por Sabrina foi a m\u00fasica Cigana, de Ludmilla com Delacruz. &#8220;Me deixa sem ar. Me faz viajar, te arrepiar. Sobe a montanha que no pico voc\u00ea me conquista&#8221;.<\/p>\n\n\n\n<p>Fonte: A Tarde <\/p>\n","protected":false},"excerpt":{"rendered":"<p>Ap\u00f3s v\u00e1rios rumores, Sabrina Sato e Nicolas Prattes confirmaram que est\u00e3o vivendo um romance ao surgirem juntos em uma viagem nesta quinta-feira, 29. Sato compartilhou uma paisagem natural e em seguida mostrou Prattes sem camisa, que riu. Ele republicou o v\u00eddeo e tamb\u00e9m fez um registro da apresentadora. A trilha sonora escolhida por Sabrina foi [&hellip;]<\/p>\n","protected":false},"author":2,"featured_media":8089,"comment_status":"open","ping_status":"open","sticky":false,"template":"","format":"standard","meta":{"footnotes":""},"categories":[93],"tags":[],"class_list":["post-8088","post","type-post","status-publish","format-standard","has-post-thumbnail","hentry","category-entretenimento"],"_links":{"self":[{"href":"https:\/\/suburbionoar.com.br\/index.php\/wp-json\/wp\/v2\/posts\/8088","targetHints":{"allow":["GET"]}}],"collection":[{"href":"https:\/\/suburbionoar.com.br\/index.php\/wp-json\/wp\/v2\/posts"}],"about":[{"href":"https:\/\/suburbionoar.com.br\/index.php\/wp-json\/wp\/v2\/types\/post"}],"author":[{"embeddable":true,"href":"https:\/\/suburbionoar.com.br\/index.php\/wp-json\/wp\/v2\/users\/2"}],"replies":[{"embeddable":true,"href":"https:\/\/suburbionoar.com.br\/index.php\/wp-json\/wp\/v2\/comments?post=8088"}],"version-history":[{"count":1,"href":"https:\/\/suburbionoar.com.br\/index.php\/wp-json\/wp\/v2\/posts\/8088\/revisions"}],"predecessor-version":[{"id":8090,"href":"https:\/\/suburbionoar.com.br\/index.php\/wp-json\/wp\/v2\/posts\/8088\/revisions\/8090"}],"wp:featuredmedia":[{"embeddable":true,"href":"https:\/\/suburbionoar.com.br\/index.php\/wp-json\/wp\/v2\/media\/8089"}],"wp:attachment":[{"href":"https:\/\/suburbionoar.com.br\/index.php\/wp-json\/wp\/v2\/media?parent=8088"}],"wp:term":[{"taxonomy":"category","embeddable":true,"href":"https:\/\/suburbionoar.com.br\/index.php\/wp-json\/wp\/v2\/categories?post=8088"},{"taxonomy":"post_tag","embeddable":true,"href":"https:\/\/suburbionoar.com.br\/index.php\/wp-json\/wp\/v2\/tags?post=8088"}],"curies":[{"name":"wp","href":"https:\/\/api.w.org\/{rel}","templated":true}]}}