{"id":8085,"date":"2024-02-29T15:49:16","date_gmt":"2024-02-29T18:49:16","guid":{"rendered":"https:\/\/suburbionoar.com.br\/?p=8085"},"modified":"2024-02-29T15:49:18","modified_gmt":"2024-02-29T18:49:18","slug":"terreiro-em-cachoeira-e-tombado-como-patrimonio-cultural-brasileiro","status":"publish","type":"post","link":"https:\/\/suburbionoar.com.br\/index.php\/2024\/02\/29\/terreiro-em-cachoeira-e-tombado-como-patrimonio-cultural-brasileiro\/","title":{"rendered":"Terreiro em Cachoeira \u00e9 tombado como Patrim\u00f4nio Cultural Brasileiro"},"content":{"rendered":"\n<p id=\"paragrafo-lg6ne1o1tq\">O Terreiro Il\u00ea Ax\u00e9 Icimim\u00f3 Aganj\u00fa Did\u00ea, que fica no munic\u00edpio de Cachoeira, foi tombado como Patrim\u00f4nio Cultural Brasileiro, na 103\u00aa Reuni\u00e3o do Conselho Consultivo do Instituto do Patrim\u00f4nio Hist\u00f3rico e Art\u00edstico Nacional (Iphan), ocorrida nesta quinta-feira (29), em Bras\u00edlia.\u00a0<\/p>\n\n\n\n<p id=\"paragrafo-x6gosp4qsp\">O local tamb\u00e9m \u00e9 tombado como Patrim\u00f4nio Imaterial da Bahia, desde 2014, inscrito no Livro do Registro Especial de Espa\u00e7os de Pr\u00e1ticas Culturais Coletivas.<\/p>\n\n\n\n<p id=\"paragrafo-973kde6tfi\">O Terreiro Il\u00ea Ax\u00e9 Icimim\u00f3 Aganj\u00fa Did\u00ea foi fundado em 1916 por Judith Ferreira do Sacramento, que foi iniciada por Jo\u00e3o da Lama. Ele fica em um plat\u00f4 na localidade da Terra Vermelha. \u00c9 uma Casa de Santo da Na\u00e7\u00e3o Nag\u00f4, sendo um dos \u00edcones de resist\u00eancia \u00e0 intoler\u00e2ncia religiosa num momento crucial da hist\u00f3ria de Cachoeira. O patrono do Terreiro \u00e9 o Orix\u00e1 Xang\u00f4. Seu calend\u00e1rio de festas acontece nos meses de julho, agosto, setembro e dezembro.<\/p>\n\n\n\n<p id=\"paragrafo-m4poveo6dz\">\u201c\u00c9 um momento hist\u00f3rico para Cachoeira. Agrade\u00e7o ao presidente do Iphan, Leandro Ant\u00f4nio Grass Peixoto e a toda equipe t\u00e9cnica deste importante \u00f3rg\u00e3o de preserva\u00e7\u00e3o do patrim\u00f4nio cultural da nossa na\u00e7\u00e3o. O Rec\u00f4ncavo Baiano mais uma vez se destaca como o baluarte da cultura de matriz africana no Brasil. Viva o Icimim\u00f3! Viva Cachoeira! Viva o Patrim\u00f4nio Cultural e todos aqueles que lutam diariamente por sua preserva\u00e7\u00e3o, mesmo com tantos obst\u00e1culos e dificuldades. Ax\u00e9!!\u201d, comemorou a prefeita Eliana Gonzaga.<\/p>\n\n\n\n<p>Fonte: Jornal Correio <\/p>\n","protected":false},"excerpt":{"rendered":"<p>O Terreiro Il\u00ea Ax\u00e9 Icimim\u00f3 Aganj\u00fa Did\u00ea, que fica no munic\u00edpio de Cachoeira, foi tombado como Patrim\u00f4nio Cultural Brasileiro, na 103\u00aa Reuni\u00e3o do Conselho Consultivo do Instituto do Patrim\u00f4nio Hist\u00f3rico e Art\u00edstico Nacional (Iphan), ocorrida nesta quinta-feira (29), em Bras\u00edlia.\u00a0 O local tamb\u00e9m \u00e9 tombado como Patrim\u00f4nio Imaterial da Bahia, desde 2014, inscrito no Livro [&hellip;]<\/p>\n","protected":false},"author":2,"featured_media":8086,"comment_status":"open","ping_status":"open","sticky":false,"template":"","format":"standard","meta":{"footnotes":""},"categories":[85],"tags":[],"class_list":["post-8085","post","type-post","status-publish","format-standard","has-post-thumbnail","hentry","category-noticias"],"_links":{"self":[{"href":"https:\/\/suburbionoar.com.br\/index.php\/wp-json\/wp\/v2\/posts\/8085","targetHints":{"allow":["GET"]}}],"collection":[{"href":"https:\/\/suburbionoar.com.br\/index.php\/wp-json\/wp\/v2\/posts"}],"about":[{"href":"https:\/\/suburbionoar.com.br\/index.php\/wp-json\/wp\/v2\/types\/post"}],"author":[{"embeddable":true,"href":"https:\/\/suburbionoar.com.br\/index.php\/wp-json\/wp\/v2\/users\/2"}],"replies":[{"embeddable":true,"href":"https:\/\/suburbionoar.com.br\/index.php\/wp-json\/wp\/v2\/comments?post=8085"}],"version-history":[{"count":1,"href":"https:\/\/suburbionoar.com.br\/index.php\/wp-json\/wp\/v2\/posts\/8085\/revisions"}],"predecessor-version":[{"id":8087,"href":"https:\/\/suburbionoar.com.br\/index.php\/wp-json\/wp\/v2\/posts\/8085\/revisions\/8087"}],"wp:featuredmedia":[{"embeddable":true,"href":"https:\/\/suburbionoar.com.br\/index.php\/wp-json\/wp\/v2\/media\/8086"}],"wp:attachment":[{"href":"https:\/\/suburbionoar.com.br\/index.php\/wp-json\/wp\/v2\/media?parent=8085"}],"wp:term":[{"taxonomy":"category","embeddable":true,"href":"https:\/\/suburbionoar.com.br\/index.php\/wp-json\/wp\/v2\/categories?post=8085"},{"taxonomy":"post_tag","embeddable":true,"href":"https:\/\/suburbionoar.com.br\/index.php\/wp-json\/wp\/v2\/tags?post=8085"}],"curies":[{"name":"wp","href":"https:\/\/api.w.org\/{rel}","templated":true}]}}