{"id":8076,"date":"2024-02-29T14:46:34","date_gmt":"2024-02-29T17:46:34","guid":{"rendered":"https:\/\/suburbionoar.com.br\/?p=8076"},"modified":"2024-02-29T14:46:36","modified_gmt":"2024-02-29T17:46:36","slug":"lider-do-trafico-e-transferido-para-presidio-de-seguranca-maxima","status":"publish","type":"post","link":"https:\/\/suburbionoar.com.br\/index.php\/2024\/02\/29\/lider-do-trafico-e-transferido-para-presidio-de-seguranca-maxima\/","title":{"rendered":"L\u00edder do tr\u00e1fico \u00e9 transferido para Pres\u00eddio de seguran\u00e7a m\u00e1xima"},"content":{"rendered":"\n<p>A Secretaria de Administra\u00e7\u00e3o Penitenci\u00e1ria e Ressocializa\u00e7\u00e3o (SEAP-BA), e a Secretaria da Seguran\u00e7a P\u00fablica (SSP-BA), atrav\u00e9s da Pol\u00edcia Penal e Pol\u00edcia Militar, realizaram na manh\u00e3 desta quinta-feira, 29, a transfer\u00eancia de um homem apontado com lideran\u00e7a de uma organiza\u00e7\u00e3o criminosa da regi\u00e3o da Chapada Diamantina, identificado pelas iniciais de R. S. A, 24 anos, para o Pres\u00eddio Federal de Seguran\u00e7a M\u00e1xima.<\/p>\n\n\n\n<p>A escolta do interno foi feita pela Pol\u00edcia Penal e contou com o apoio de policiais militares do Batalh\u00e3o de Choque.<\/p>\n\n\n\n<p>Segundo a Seap, o preso em quest\u00e3o ingressou no sistema prisional por tr\u00e1fico de drogas em mar\u00e7o de 2022 no Conjunto Penal de Feira de Santana, transferido para o Conjunto Penal Masculino de Salvador em dezembro de 2023 e seguindo agora para o Pres\u00eddio Federal de Seguran\u00e7a M\u00e1xima em outro Estado da Federa\u00e7\u00e3o.<\/p>\n\n\n\n<p>A transfer\u00eancia, autorizada pelo Judici\u00e1rio, foi motivada ap\u00f3s realiza\u00e7\u00e3o de um trabalho integrado entre SEAP e SSP onde foi detectado que o criminoso continuava orquestrando ataques violentos e homic\u00eddio contra rivais ligados ao tr\u00e1fico de drogas na regi\u00e3o da Chapada Diamantina.<\/p>\n\n\n\n<p>O procedimento foi exitoso e transcorreu dentro do planejado pelas for\u00e7as policiais empregadas na a\u00e7\u00e3o.<\/p>\n\n\n\n<figure class=\"wp-block-image\"><img decoding=\"async\" src=\"https:\/\/cdn.atarde.com.br\/img\/inline\/1260000\/0x0\/Lider-do-trafico-e-transferido-para-Presidio-de-se0126082900202402291434.webp?fallback=https%3A%2F%2Fcdn.atarde.com.br%2Fimg%2Finline%2F1260000%2FLider-do-trafico-e-transferido-para-Presidio-de-se0126082900202402291434.jpg%3Fxid%3D6131330&amp;xid=6131330\" alt=\"Imagem ilustrativa da imagem L\u00edder do tr\u00e1fico \u00e9 transferido para Pres\u00eddio de seguran\u00e7a m\u00e1xima\"\/><\/figure>\n\n\n\n<p>Fonte: A Tarde <\/p>\n","protected":false},"excerpt":{"rendered":"<p>A Secretaria de Administra\u00e7\u00e3o Penitenci\u00e1ria e Ressocializa\u00e7\u00e3o (SEAP-BA), e a Secretaria da Seguran\u00e7a P\u00fablica (SSP-BA), atrav\u00e9s da Pol\u00edcia Penal e Pol\u00edcia Militar, realizaram na manh\u00e3 desta quinta-feira, 29, a transfer\u00eancia de um homem apontado com lideran\u00e7a de uma organiza\u00e7\u00e3o criminosa da regi\u00e3o da Chapada Diamantina, identificado pelas iniciais de R. S. A, 24 anos, para [&hellip;]<\/p>\n","protected":false},"author":2,"featured_media":8077,"comment_status":"open","ping_status":"open","sticky":false,"template":"","format":"standard","meta":{"footnotes":""},"categories":[105],"tags":[],"class_list":["post-8076","post","type-post","status-publish","format-standard","has-post-thumbnail","hentry","category-policia"],"_links":{"self":[{"href":"https:\/\/suburbionoar.com.br\/index.php\/wp-json\/wp\/v2\/posts\/8076","targetHints":{"allow":["GET"]}}],"collection":[{"href":"https:\/\/suburbionoar.com.br\/index.php\/wp-json\/wp\/v2\/posts"}],"about":[{"href":"https:\/\/suburbionoar.com.br\/index.php\/wp-json\/wp\/v2\/types\/post"}],"author":[{"embeddable":true,"href":"https:\/\/suburbionoar.com.br\/index.php\/wp-json\/wp\/v2\/users\/2"}],"replies":[{"embeddable":true,"href":"https:\/\/suburbionoar.com.br\/index.php\/wp-json\/wp\/v2\/comments?post=8076"}],"version-history":[{"count":1,"href":"https:\/\/suburbionoar.com.br\/index.php\/wp-json\/wp\/v2\/posts\/8076\/revisions"}],"predecessor-version":[{"id":8078,"href":"https:\/\/suburbionoar.com.br\/index.php\/wp-json\/wp\/v2\/posts\/8076\/revisions\/8078"}],"wp:featuredmedia":[{"embeddable":true,"href":"https:\/\/suburbionoar.com.br\/index.php\/wp-json\/wp\/v2\/media\/8077"}],"wp:attachment":[{"href":"https:\/\/suburbionoar.com.br\/index.php\/wp-json\/wp\/v2\/media?parent=8076"}],"wp:term":[{"taxonomy":"category","embeddable":true,"href":"https:\/\/suburbionoar.com.br\/index.php\/wp-json\/wp\/v2\/categories?post=8076"},{"taxonomy":"post_tag","embeddable":true,"href":"https:\/\/suburbionoar.com.br\/index.php\/wp-json\/wp\/v2\/tags?post=8076"}],"curies":[{"name":"wp","href":"https:\/\/api.w.org\/{rel}","templated":true}]}}