{"id":8070,"date":"2024-02-29T11:48:56","date_gmt":"2024-02-29T14:48:56","guid":{"rendered":"https:\/\/suburbionoar.com.br\/?p=8070"},"modified":"2024-02-29T11:48:57","modified_gmt":"2024-02-29T14:48:57","slug":"suspeito-de-participacao-na-morte-de-motorista-por-aplicativo-e-preso-na-bahia","status":"publish","type":"post","link":"https:\/\/suburbionoar.com.br\/index.php\/2024\/02\/29\/suspeito-de-participacao-na-morte-de-motorista-por-aplicativo-e-preso-na-bahia\/","title":{"rendered":"Suspeito de participa\u00e7\u00e3o na morte de motorista por aplicativo \u00e9 preso na Bahia"},"content":{"rendered":"\n<p>As circunst\u00e2ncias que envolveram a morte de Sidnei Medrado de Ara\u00fajo, o motorista por aplicativo cujo corpo foi encontrado sem vida em julho de 2022, ganhou um novo epis\u00f3dio nesta ter\u00e7a-feira (27). Um suspeito foi detido preventivamente no suposto envolvimento com a fatalidade que chocou a cidade de Juazeiro.<\/p>\n\n\n\n<p>A captura do suspeito ocorreu no povoado de Carna\u00edba do Sert\u00e3o, localizado na cidade de Juazeiro, como informado pela Pol\u00edcia Civil. Durante a abordagem, uma espingarda foi apreendida em posse do indiv\u00edduo, resultando em sua autua\u00e7\u00e3o em flagrante por posse ilegal de arma de fogo. Com isso, o detido agora est\u00e1 \u00e0 disposi\u00e7\u00e3o da Justi\u00e7a, aguardando os desdobramentos legais com seu suposto envolvimento na morte do motorista por aplicativo, mas tamb\u00e9m pela posse irregular da arma de fogo.<\/p>\n\n\n\n<p>Em setembro de 2022, um outro indiv\u00edduo foi detido sob suspeita de envolvimento no crime, que at\u00e9 ent\u00e3o n\u00e3o teve seus detalhes revelados, incluindo se ele foi indiciado pelo homic\u00eddio. A complexidade do caso se acentua pela falta de informa\u00e7\u00f5es sobre a poss\u00edvel participa\u00e7\u00e3o de outros suspeitos, al\u00e9m dos dois j\u00e1 presos. A delegacia de Juazeiro continua dedicada \u00e0 investiga\u00e7\u00e3o, buscando esclarecer detalhes do assassinato e determinar a extens\u00e3o da responsabilidade dos envolvidos.<br>\u00a0<\/p>\n\n\n\n<p>Fonte: Varela Net <\/p>\n","protected":false},"excerpt":{"rendered":"<p>As circunst\u00e2ncias que envolveram a morte de Sidnei Medrado de Ara\u00fajo, o motorista por aplicativo cujo corpo foi encontrado sem vida em julho de 2022, ganhou um novo epis\u00f3dio nesta ter\u00e7a-feira (27). Um suspeito foi detido preventivamente no suposto envolvimento com a fatalidade que chocou a cidade de Juazeiro. A captura do suspeito ocorreu no [&hellip;]<\/p>\n","protected":false},"author":2,"featured_media":8071,"comment_status":"open","ping_status":"open","sticky":false,"template":"","format":"standard","meta":{"footnotes":""},"categories":[105],"tags":[],"class_list":["post-8070","post","type-post","status-publish","format-standard","has-post-thumbnail","hentry","category-policia"],"_links":{"self":[{"href":"https:\/\/suburbionoar.com.br\/index.php\/wp-json\/wp\/v2\/posts\/8070","targetHints":{"allow":["GET"]}}],"collection":[{"href":"https:\/\/suburbionoar.com.br\/index.php\/wp-json\/wp\/v2\/posts"}],"about":[{"href":"https:\/\/suburbionoar.com.br\/index.php\/wp-json\/wp\/v2\/types\/post"}],"author":[{"embeddable":true,"href":"https:\/\/suburbionoar.com.br\/index.php\/wp-json\/wp\/v2\/users\/2"}],"replies":[{"embeddable":true,"href":"https:\/\/suburbionoar.com.br\/index.php\/wp-json\/wp\/v2\/comments?post=8070"}],"version-history":[{"count":1,"href":"https:\/\/suburbionoar.com.br\/index.php\/wp-json\/wp\/v2\/posts\/8070\/revisions"}],"predecessor-version":[{"id":8072,"href":"https:\/\/suburbionoar.com.br\/index.php\/wp-json\/wp\/v2\/posts\/8070\/revisions\/8072"}],"wp:featuredmedia":[{"embeddable":true,"href":"https:\/\/suburbionoar.com.br\/index.php\/wp-json\/wp\/v2\/media\/8071"}],"wp:attachment":[{"href":"https:\/\/suburbionoar.com.br\/index.php\/wp-json\/wp\/v2\/media?parent=8070"}],"wp:term":[{"taxonomy":"category","embeddable":true,"href":"https:\/\/suburbionoar.com.br\/index.php\/wp-json\/wp\/v2\/categories?post=8070"},{"taxonomy":"post_tag","embeddable":true,"href":"https:\/\/suburbionoar.com.br\/index.php\/wp-json\/wp\/v2\/tags?post=8070"}],"curies":[{"name":"wp","href":"https:\/\/api.w.org\/{rel}","templated":true}]}}