{"id":8067,"date":"2024-02-29T11:20:20","date_gmt":"2024-02-29T14:20:20","guid":{"rendered":"https:\/\/suburbionoar.com.br\/?p=8067"},"modified":"2024-02-29T11:20:22","modified_gmt":"2024-02-29T14:20:22","slug":"griparios-dos-barris-e-de-itapua-serao-reabertos-em-salvador","status":"publish","type":"post","link":"https:\/\/suburbionoar.com.br\/index.php\/2024\/02\/29\/griparios-dos-barris-e-de-itapua-serao-reabertos-em-salvador\/","title":{"rendered":"Grip\u00e1rios dos Barris e de Itapu\u00e3 ser\u00e3o reabertos em Salvador"},"content":{"rendered":"\n<p>As sedes dos grip\u00e1rios de Itapu\u00e3 e dos Barris ser\u00e3o reabertas em Salvador, na pr\u00f3xima semana. Ap\u00f3s o aumento de casos da dengue, a gest\u00e3o municipal optou por retomar as atividades das unidades pela necessidade do momento epidemiol\u00f3gico dos v\u00edrus que se espalham, tanto o do mosquito, quanto o da gripe.&nbsp;<\/p>\n\n\n\n<p>E \u00e9 nesse \u00e2mbito dos sintomas gripais que os grip\u00e1rios v\u00e3o trabalhar com mais for\u00e7a, assim como em 2023. Esse ponto \u00e9 refor\u00e7ado pela vice-prefeita e secret\u00e1ria municipal de sa\u00fade Ana Paula Matos, durante a&nbsp;entrega do novo Centro de Especialidades Odontol\u00f3gicas (CEO). O evento ocorreu no bairro da Federa\u00e7\u00e3o, nesta quarta (28).&nbsp;<\/p>\n\n\n\n<p><em>&#8220;Eles v\u00e3o tratar casos de dengue e s\u00edndromes gripais em geral, como ocorreu no ano passado. A pessoa chega com os sintomas e a gente faz o teste. At\u00e9 ent\u00e3o a preven\u00e7\u00e3o tem funcionado e Salvador tem \u00edndices de incid\u00eancia menor que o estadual, o nacional e o de outras capitais, mas como abril \u00e9 um per\u00edodo de muita chuva e mar\u00e7o tem mistura de chuva e sol, vamos redobrar a aten\u00e7\u00e3o&#8221;<\/em>, detalhou a gestora.&nbsp;<\/p>\n\n\n\n<p>As sedes ser\u00e3o nomeadas como Unidades de Suporte, com atua\u00e7\u00e3o e funcionamento semelhantes aos grip\u00e1rios, funcionando ao lado das Unidades de Pronto Atendimento (UPA). A Unidade de Suporte dos Barris ter\u00e1 dez leitos, enquanto a de Itapu\u00e3 comportar\u00e1 cinco.\u00a0<\/p>\n\n\n\n<p>Fonte: Varela Net <\/p>\n","protected":false},"excerpt":{"rendered":"<p>As sedes dos grip\u00e1rios de Itapu\u00e3 e dos Barris ser\u00e3o reabertas em Salvador, na pr\u00f3xima semana. Ap\u00f3s o aumento de casos da dengue, a gest\u00e3o municipal optou por retomar as atividades das unidades pela necessidade do momento epidemiol\u00f3gico dos v\u00edrus que se espalham, tanto o do mosquito, quanto o da gripe.&nbsp; E \u00e9 nesse \u00e2mbito [&hellip;]<\/p>\n","protected":false},"author":2,"featured_media":8068,"comment_status":"open","ping_status":"open","sticky":false,"template":"","format":"standard","meta":{"footnotes":""},"categories":[94],"tags":[],"class_list":["post-8067","post","type-post","status-publish","format-standard","has-post-thumbnail","hentry","category-saude-2"],"_links":{"self":[{"href":"https:\/\/suburbionoar.com.br\/index.php\/wp-json\/wp\/v2\/posts\/8067","targetHints":{"allow":["GET"]}}],"collection":[{"href":"https:\/\/suburbionoar.com.br\/index.php\/wp-json\/wp\/v2\/posts"}],"about":[{"href":"https:\/\/suburbionoar.com.br\/index.php\/wp-json\/wp\/v2\/types\/post"}],"author":[{"embeddable":true,"href":"https:\/\/suburbionoar.com.br\/index.php\/wp-json\/wp\/v2\/users\/2"}],"replies":[{"embeddable":true,"href":"https:\/\/suburbionoar.com.br\/index.php\/wp-json\/wp\/v2\/comments?post=8067"}],"version-history":[{"count":1,"href":"https:\/\/suburbionoar.com.br\/index.php\/wp-json\/wp\/v2\/posts\/8067\/revisions"}],"predecessor-version":[{"id":8069,"href":"https:\/\/suburbionoar.com.br\/index.php\/wp-json\/wp\/v2\/posts\/8067\/revisions\/8069"}],"wp:featuredmedia":[{"embeddable":true,"href":"https:\/\/suburbionoar.com.br\/index.php\/wp-json\/wp\/v2\/media\/8068"}],"wp:attachment":[{"href":"https:\/\/suburbionoar.com.br\/index.php\/wp-json\/wp\/v2\/media?parent=8067"}],"wp:term":[{"taxonomy":"category","embeddable":true,"href":"https:\/\/suburbionoar.com.br\/index.php\/wp-json\/wp\/v2\/categories?post=8067"},{"taxonomy":"post_tag","embeddable":true,"href":"https:\/\/suburbionoar.com.br\/index.php\/wp-json\/wp\/v2\/tags?post=8067"}],"curies":[{"name":"wp","href":"https:\/\/api.w.org\/{rel}","templated":true}]}}