{"id":8008,"date":"2024-02-27T11:21:27","date_gmt":"2024-02-27T14:21:27","guid":{"rendered":"https:\/\/suburbionoar.com.br\/?p=8008"},"modified":"2024-02-27T11:21:29","modified_gmt":"2024-02-27T14:21:29","slug":"sesab-registra-5a-morte-por-dengue-na-bahia-vitima-tinha-apenas-17-anos","status":"publish","type":"post","link":"https:\/\/suburbionoar.com.br\/index.php\/2024\/02\/27\/sesab-registra-5a-morte-por-dengue-na-bahia-vitima-tinha-apenas-17-anos\/","title":{"rendered":"Sesab registra 5\u00aa morte por dengue na Bahia; v\u00edtima tinha apenas 17 anos"},"content":{"rendered":"\n<p>A Bahia enfrenta mais uma tr\u00e1gica confirma\u00e7\u00e3o de \u00f3bito em decorrencia da dengue em 2024. A v\u00edtima, um jovem de apenas 17 anos, n\u00e3o resistiu \u00e0s complica\u00e7\u00f5es da doen\u00e7a, enquanto estava internado no Hospital Geral Cl\u00e9riston Andrade (HGCA), localizado em Feira de Santana. A Secretaria de Sa\u00fade do Estado (Sesab) confirmou o caso.&nbsp;<\/p>\n\n\n\n<p>Em nota, a Secretaria de Sa\u00fade de Feira, esclareceu que a situa\u00e7\u00e3o foi reportada ao Comit\u00ea de Enfrentamento \u00e0 Dengue do munic\u00edpio. Este comit\u00ea, em colabora\u00e7\u00e3o estreita com a Vigil\u00e2ncia Epidemiol\u00f3gica, a Superintend\u00eancia Municipal de Tr\u00e2nsito e a Secretaria Municipal de Servi\u00e7os P\u00fablicos, adotar\u00e1 as medidas necess\u00e1rias para lidar com a situa\u00e7\u00e3o.&nbsp;<\/p>\n\n\n\n<p>\u201cA Prefeitura solicita a colabora\u00e7\u00e3o da comunidade, tanto na preven\u00e7\u00e3o para evitar poss\u00edveis focos e criadouros do mosquito da dengue, quanto na den\u00fancia ou informa\u00e7\u00e3o de situa\u00e7\u00f5es de risco por meio do servi\u00e7o Fala Feira 156\u201d, diz nota.<\/p>\n\n\n\n<p>O avan\u00e7o alarmante da dengue na Bahia n\u00e3o se limita apenas a Feira de Santana, conforme evidenciado pela Secretaria de Sa\u00fade do Estado (Sesab), que tamb\u00e9m confirmou registros de duas mortes em Jacaraci, uma em Pirip\u00e1 e outra em Ibiassuc\u00ea. A situa\u00e7\u00e3o epidemiol\u00f3gica se agrava ainda mais com o aumento expressivo dos casos prov\u00e1veis de dengue em todo o estado, alcan\u00e7ando a marca preocupante de 16.771. Este n\u00famero representa um surpreendente incremento de quase 100% em compara\u00e7\u00e3o a 2023, quando, no mesmo per\u00edodo, foram notificados 8.408 casos prov\u00e1veis. Diante desse cen\u00e1rio desafiador, \u00e9 imprecidivel as a\u00e7\u00f5es de preven\u00e7\u00e3o, controle e conscientiza\u00e7\u00e3o da popula\u00e7\u00e3o do estado.\u00a0<\/p>\n\n\n\n<p>Fonte: Varela Net <\/p>\n","protected":false},"excerpt":{"rendered":"<p>A Bahia enfrenta mais uma tr\u00e1gica confirma\u00e7\u00e3o de \u00f3bito em decorrencia da dengue em 2024. A v\u00edtima, um jovem de apenas 17 anos, n\u00e3o resistiu \u00e0s complica\u00e7\u00f5es da doen\u00e7a, enquanto estava internado no Hospital Geral Cl\u00e9riston Andrade (HGCA), localizado em Feira de Santana. A Secretaria de Sa\u00fade do Estado (Sesab) confirmou o caso.&nbsp; Em nota, [&hellip;]<\/p>\n","protected":false},"author":2,"featured_media":8009,"comment_status":"open","ping_status":"open","sticky":false,"template":"","format":"standard","meta":{"footnotes":""},"categories":[94],"tags":[],"class_list":["post-8008","post","type-post","status-publish","format-standard","has-post-thumbnail","hentry","category-saude-2"],"_links":{"self":[{"href":"https:\/\/suburbionoar.com.br\/index.php\/wp-json\/wp\/v2\/posts\/8008","targetHints":{"allow":["GET"]}}],"collection":[{"href":"https:\/\/suburbionoar.com.br\/index.php\/wp-json\/wp\/v2\/posts"}],"about":[{"href":"https:\/\/suburbionoar.com.br\/index.php\/wp-json\/wp\/v2\/types\/post"}],"author":[{"embeddable":true,"href":"https:\/\/suburbionoar.com.br\/index.php\/wp-json\/wp\/v2\/users\/2"}],"replies":[{"embeddable":true,"href":"https:\/\/suburbionoar.com.br\/index.php\/wp-json\/wp\/v2\/comments?post=8008"}],"version-history":[{"count":1,"href":"https:\/\/suburbionoar.com.br\/index.php\/wp-json\/wp\/v2\/posts\/8008\/revisions"}],"predecessor-version":[{"id":8010,"href":"https:\/\/suburbionoar.com.br\/index.php\/wp-json\/wp\/v2\/posts\/8008\/revisions\/8010"}],"wp:featuredmedia":[{"embeddable":true,"href":"https:\/\/suburbionoar.com.br\/index.php\/wp-json\/wp\/v2\/media\/8009"}],"wp:attachment":[{"href":"https:\/\/suburbionoar.com.br\/index.php\/wp-json\/wp\/v2\/media?parent=8008"}],"wp:term":[{"taxonomy":"category","embeddable":true,"href":"https:\/\/suburbionoar.com.br\/index.php\/wp-json\/wp\/v2\/categories?post=8008"},{"taxonomy":"post_tag","embeddable":true,"href":"https:\/\/suburbionoar.com.br\/index.php\/wp-json\/wp\/v2\/tags?post=8008"}],"curies":[{"name":"wp","href":"https:\/\/api.w.org\/{rel}","templated":true}]}}