{"id":7942,"date":"2024-02-22T14:50:55","date_gmt":"2024-02-22T17:50:55","guid":{"rendered":"https:\/\/suburbionoar.com.br\/?p=7942"},"modified":"2024-02-22T14:50:57","modified_gmt":"2024-02-22T17:50:57","slug":"thiago-aquino-confirma-bloco-da-loja-e-arrastao","status":"publish","type":"post","link":"https:\/\/suburbionoar.com.br\/index.php\/2024\/02\/22\/thiago-aquino-confirma-bloco-da-loja-e-arrastao\/","title":{"rendered":"Thiago Aquino confirma \u2018Bloco da Loja\u2019 e \u2018arrast\u00e3o\u2019"},"content":{"rendered":"\n<p>Pelo 2\u00ba ano consecutivo, Thiago Aquino est\u00e1 confirmado para o \u201carrast\u00e3o\u201d da Micareta de Feira, na segunda (22\/04). A atra\u00e7\u00e3o j\u00e1 havia sido anunciada desde o t\u00e9rmino da folia em 2023 pelo secret\u00e1rio de Cultura, Jairo Carneiro. Agora, a novidade \u00e9 que na quinta (18) o cantor ir\u00e1 puxar pela 1\u00aa vez o \u2018Bloco da Loja\u2019. Para o empres\u00e1rio do artista Wagner Miau, \u201cesta \u00e9 mais uma realiza\u00e7\u00e3o de sonho, al\u00e9m da oportunidade de empreender e gerar mais conte\u00fado para o p\u00fablico.\u201d<\/p>\n\n\n\n<p>\u201c\u00c9 uma honra novamente estar presente na Micareta, o maior carnaval fora de \u00e9poca do pa\u00eds, espalhando alegria e emo\u00e7\u00e3o para todos f\u00e3s. Vamos fazer uma festa inesquec\u00edvel, pois \u00e9 sempre especial cantar em casa\u201d, diz Aquino.<\/p>\n\n\n\n<p>No Carnaval de Salvador, o dono do \u201crepert\u00f3rio mais gostoso do Brasil\u201d puxou trios todos os dias, se dividindo entre os circuitos Barra\/Ondina e Campo Grande, al\u00e9m de dois camarotes, em cerca de 30 horas de show.<\/p>\n\n\n\n<p>+ Sobre o artista: Em 2023, Thiago Aquino contabilizou mais de um milh\u00e3o de execu\u00e7\u00f5es mensais no Spotify, e entrou para o TOP-100 da plataforma, com \u2018Erro Que d\u00e1 Certo\u2019. No Sua M\u00fasica, seus lan\u00e7amentos se mantiveram no TOP-3 durante todo o ano. No 1\u00ba semestre, embalado por diversos hits, ele se tornou o baiano mais visto do estado no YouTube com 100 milh\u00f5es de plays. Em n\u00fameros totais, ele possui 260 milh\u00f5es de views no YouTube; 105 milh\u00f5es de reprodu\u00e7\u00f5es no Spotify; e 155 milh\u00f5es de plays no Sua M\u00fasica.<\/p>\n\n\n\n<p>Fonte: Bahia.Ba <\/p>\n","protected":false},"excerpt":{"rendered":"<p>Pelo 2\u00ba ano consecutivo, Thiago Aquino est\u00e1 confirmado para o \u201carrast\u00e3o\u201d da Micareta de Feira, na segunda (22\/04). A atra\u00e7\u00e3o j\u00e1 havia sido anunciada desde o t\u00e9rmino da folia em 2023 pelo secret\u00e1rio de Cultura, Jairo Carneiro. Agora, a novidade \u00e9 que na quinta (18) o cantor ir\u00e1 puxar pela 1\u00aa vez o \u2018Bloco da [&hellip;]<\/p>\n","protected":false},"author":2,"featured_media":7943,"comment_status":"open","ping_status":"open","sticky":false,"template":"","format":"standard","meta":{"footnotes":""},"categories":[88],"tags":[],"class_list":["post-7942","post","type-post","status-publish","format-standard","has-post-thumbnail","hentry","category-musica"],"_links":{"self":[{"href":"https:\/\/suburbionoar.com.br\/index.php\/wp-json\/wp\/v2\/posts\/7942","targetHints":{"allow":["GET"]}}],"collection":[{"href":"https:\/\/suburbionoar.com.br\/index.php\/wp-json\/wp\/v2\/posts"}],"about":[{"href":"https:\/\/suburbionoar.com.br\/index.php\/wp-json\/wp\/v2\/types\/post"}],"author":[{"embeddable":true,"href":"https:\/\/suburbionoar.com.br\/index.php\/wp-json\/wp\/v2\/users\/2"}],"replies":[{"embeddable":true,"href":"https:\/\/suburbionoar.com.br\/index.php\/wp-json\/wp\/v2\/comments?post=7942"}],"version-history":[{"count":1,"href":"https:\/\/suburbionoar.com.br\/index.php\/wp-json\/wp\/v2\/posts\/7942\/revisions"}],"predecessor-version":[{"id":7944,"href":"https:\/\/suburbionoar.com.br\/index.php\/wp-json\/wp\/v2\/posts\/7942\/revisions\/7944"}],"wp:featuredmedia":[{"embeddable":true,"href":"https:\/\/suburbionoar.com.br\/index.php\/wp-json\/wp\/v2\/media\/7943"}],"wp:attachment":[{"href":"https:\/\/suburbionoar.com.br\/index.php\/wp-json\/wp\/v2\/media?parent=7942"}],"wp:term":[{"taxonomy":"category","embeddable":true,"href":"https:\/\/suburbionoar.com.br\/index.php\/wp-json\/wp\/v2\/categories?post=7942"},{"taxonomy":"post_tag","embeddable":true,"href":"https:\/\/suburbionoar.com.br\/index.php\/wp-json\/wp\/v2\/tags?post=7942"}],"curies":[{"name":"wp","href":"https:\/\/api.w.org\/{rel}","templated":true}]}}