{"id":7939,"date":"2024-02-22T14:42:01","date_gmt":"2024-02-22T17:42:01","guid":{"rendered":"https:\/\/suburbionoar.com.br\/?p=7939"},"modified":"2024-02-22T14:42:03","modified_gmt":"2024-02-22T17:42:03","slug":"alexandre-correa-presta-queixa-contra-leo-dias-e-cariucha-e-ameaca-sbt","status":"publish","type":"post","link":"https:\/\/suburbionoar.com.br\/index.php\/2024\/02\/22\/alexandre-correa-presta-queixa-contra-leo-dias-e-cariucha-e-ameaca-sbt\/","title":{"rendered":"Alexandre Correa presta queixa contra Leo Dias e Cari\u00facha e amea\u00e7a SBT"},"content":{"rendered":"\n<p>Em meio \u00e0s diversas a\u00e7\u00f5es contra a apresentadora Ana Hickmann, o empres\u00e1rio Alexandre Correa registrou boletim de ocorr\u00eancia na 7\u00aa Delegacia de Pol\u00edcia de S\u00e3o Paulo contra Leo Dias e Cari\u00facha.<\/p>\n\n\n\n<p>A dupla apresenta o Fofocalizando e foi acusada por Correa de inj\u00faria, amea\u00e7a, cal\u00fania e difama\u00e7\u00e3o. A decis\u00e3o vem ap\u00f3s a atra\u00e7\u00e3o vespertina do SBT repercutir a not\u00edcia de que o empres\u00e1rio pediu pens\u00e3o de R$ 42 mil a Hickmann.<\/p>\n\n\n\n<p>Alexandre reclama de ter sido chamado de canalha. &#8220;Em raz\u00e3o disso, a v\u00edtima se sentiu ofendida em sua honra subjetiva&#8221;, diz o trecho do documento.<\/p>\n\n\n\n<p>Segundo o Not\u00edcias da TV, Alexandre se sentiu amea\u00e7ado por Leo devido a coment\u00e1rios que ele fez com rela\u00e7\u00e3o ao passado do empres\u00e1rio.<\/p>\n\n\n\n<p>&#8220;Pega leve. Porque todos n\u00f3s temos um passado, e a Ana n\u00e3o quer mexer nesse passado. Voc\u00ea est\u00e1 pegando pesado demais, est\u00e1 indo baixo demais. E n\u00e3o d\u00e1 para esquecer 25 anos. Voc\u00ea n\u00e3o pode fazer isso dessa maneira&#8221;, aconselhou o jornalista durante a atra\u00e7\u00e3o.<\/p>\n\n\n\n<p>&#8220;Alexandre vai entrar com a\u00e7\u00e3o de danos morais e materiais contra o Leo Dias. Ele divulgou, na quinta-feira passada, que o Alexandre seria preso a qualquer momento, o que provocou um dano emocional, moral e material muito grave&#8221;, disse o advogado Enio Martins Murad \u00e0 ISTO\u00c9.<\/p>\n\n\n\n<p>Fonte: A Tarde <\/p>\n","protected":false},"excerpt":{"rendered":"<p>Em meio \u00e0s diversas a\u00e7\u00f5es contra a apresentadora Ana Hickmann, o empres\u00e1rio Alexandre Correa registrou boletim de ocorr\u00eancia na 7\u00aa Delegacia de Pol\u00edcia de S\u00e3o Paulo contra Leo Dias e Cari\u00facha. A dupla apresenta o Fofocalizando e foi acusada por Correa de inj\u00faria, amea\u00e7a, cal\u00fania e difama\u00e7\u00e3o. A decis\u00e3o vem ap\u00f3s a atra\u00e7\u00e3o vespertina do [&hellip;]<\/p>\n","protected":false},"author":2,"featured_media":7940,"comment_status":"open","ping_status":"open","sticky":false,"template":"","format":"standard","meta":{"footnotes":""},"categories":[93],"tags":[],"class_list":["post-7939","post","type-post","status-publish","format-standard","has-post-thumbnail","hentry","category-entretenimento"],"_links":{"self":[{"href":"https:\/\/suburbionoar.com.br\/index.php\/wp-json\/wp\/v2\/posts\/7939","targetHints":{"allow":["GET"]}}],"collection":[{"href":"https:\/\/suburbionoar.com.br\/index.php\/wp-json\/wp\/v2\/posts"}],"about":[{"href":"https:\/\/suburbionoar.com.br\/index.php\/wp-json\/wp\/v2\/types\/post"}],"author":[{"embeddable":true,"href":"https:\/\/suburbionoar.com.br\/index.php\/wp-json\/wp\/v2\/users\/2"}],"replies":[{"embeddable":true,"href":"https:\/\/suburbionoar.com.br\/index.php\/wp-json\/wp\/v2\/comments?post=7939"}],"version-history":[{"count":1,"href":"https:\/\/suburbionoar.com.br\/index.php\/wp-json\/wp\/v2\/posts\/7939\/revisions"}],"predecessor-version":[{"id":7941,"href":"https:\/\/suburbionoar.com.br\/index.php\/wp-json\/wp\/v2\/posts\/7939\/revisions\/7941"}],"wp:featuredmedia":[{"embeddable":true,"href":"https:\/\/suburbionoar.com.br\/index.php\/wp-json\/wp\/v2\/media\/7940"}],"wp:attachment":[{"href":"https:\/\/suburbionoar.com.br\/index.php\/wp-json\/wp\/v2\/media?parent=7939"}],"wp:term":[{"taxonomy":"category","embeddable":true,"href":"https:\/\/suburbionoar.com.br\/index.php\/wp-json\/wp\/v2\/categories?post=7939"},{"taxonomy":"post_tag","embeddable":true,"href":"https:\/\/suburbionoar.com.br\/index.php\/wp-json\/wp\/v2\/tags?post=7939"}],"curies":[{"name":"wp","href":"https:\/\/api.w.org\/{rel}","templated":true}]}}