{"id":7849,"date":"2024-02-19T14:25:16","date_gmt":"2024-02-19T17:25:16","guid":{"rendered":"https:\/\/suburbionoar.com.br\/?p=7849"},"modified":"2024-02-19T14:25:17","modified_gmt":"2024-02-19T17:25:17","slug":"bolsonaro-e-intimado-pela-policia-federal-para-depor-sobre-golpe","status":"publish","type":"post","link":"https:\/\/suburbionoar.com.br\/index.php\/2024\/02\/19\/bolsonaro-e-intimado-pela-policia-federal-para-depor-sobre-golpe\/","title":{"rendered":"Bolsonaro \u00e9 intimado pela Pol\u00edcia Federal para depor sobre golpe"},"content":{"rendered":"\n<p>O ex-presidente Jair Bolsonaro (PL) foi intimado nesta segunda-feira, 19, pela Pol\u00edcia Federal (PF) para prestar depoimento no \u00e2mbito da investiga\u00e7\u00e3o que apura tramas golpistas envolvendo membros do governo e militares.<\/p>\n\n\n\n<p>Segundo informa\u00e7\u00f5es do Blog da Andr\u00e9ia Sadi, o depoimento deve acontecer na pr\u00f3xima quinta-feira, 22.<\/p>\n\n\n\n<p>A PF, entre outros elementos, localizou um v\u00eddeo de reuni\u00e3o em que Bolsonaro diz a ministros que n\u00e3o podem esperar o resultado da elei\u00e7\u00e3o para agir. A defesa, no entanto, alegou que o ex-presidente nunca pensou em golpe.<\/p>\n\n\n\n<p>Al\u00e9m do registro, apreendido no computador de Mauro Cid, ex-ajudante de ordens de Bolsonaro, a PF encontrou outros ind\u00edcios que o colocam no centro do plano da tentativa de golpe, como uma grava\u00e7\u00e3o de uma reuni\u00e3o, em julho de 2022, em que Bolsonaro convoca seus ministros para discutir estrat\u00e9gias que evitassem derrota nas elei\u00e7\u00f5es. Bolsonaro previa que poderia perder a disputa e pede para os ministros acionarem &#8220;o plano B&#8221;.<\/p>\n\n\n\n<p>Na mesma imagem, um de seus auxiliares, general Augusto Heleno, ent\u00e3o chefe do Gabinete de Seguran\u00e7a Institucional (GSI), defende que a &#8220;mesa&#8221; tinha que ser virada logo, antes do resultado das elei\u00e7\u00f5es.<\/p>\n\n\n\n<p>A Pol\u00edcia Federal ainda encontrou, no gabinete de Bolsonaro na sede do PL, um documento com conte\u00fado golpista que anunciaria a decreta\u00e7\u00e3o de um estado de s\u00edtio e a imposi\u00e7\u00e3o da garantia da lei e da ordem no pa\u00eds.<\/p>\n\n\n\n<p>Ap\u00f3s a opera\u00e7\u00e3o, a defesa do ex-presidente disse que Jair Bolsonaro \u201cjamais compactuou com qualquer movimento que visasse a desconstru\u00e7\u00e3o do Estado Democr\u00e1tico de Direito ou as institui\u00e7\u00f5es que o pavimentam&#8221;.<\/p>\n\n\n\n<p>Fonte: A Tarde <\/p>\n","protected":false},"excerpt":{"rendered":"<p>O ex-presidente Jair Bolsonaro (PL) foi intimado nesta segunda-feira, 19, pela Pol\u00edcia Federal (PF) para prestar depoimento no \u00e2mbito da investiga\u00e7\u00e3o que apura tramas golpistas envolvendo membros do governo e militares. Segundo informa\u00e7\u00f5es do Blog da Andr\u00e9ia Sadi, o depoimento deve acontecer na pr\u00f3xima quinta-feira, 22. A PF, entre outros elementos, localizou um v\u00eddeo de [&hellip;]<\/p>\n","protected":false},"author":2,"featured_media":7850,"comment_status":"open","ping_status":"open","sticky":false,"template":"","format":"standard","meta":{"footnotes":""},"categories":[91],"tags":[],"class_list":["post-7849","post","type-post","status-publish","format-standard","has-post-thumbnail","hentry","category-politica"],"_links":{"self":[{"href":"https:\/\/suburbionoar.com.br\/index.php\/wp-json\/wp\/v2\/posts\/7849","targetHints":{"allow":["GET"]}}],"collection":[{"href":"https:\/\/suburbionoar.com.br\/index.php\/wp-json\/wp\/v2\/posts"}],"about":[{"href":"https:\/\/suburbionoar.com.br\/index.php\/wp-json\/wp\/v2\/types\/post"}],"author":[{"embeddable":true,"href":"https:\/\/suburbionoar.com.br\/index.php\/wp-json\/wp\/v2\/users\/2"}],"replies":[{"embeddable":true,"href":"https:\/\/suburbionoar.com.br\/index.php\/wp-json\/wp\/v2\/comments?post=7849"}],"version-history":[{"count":1,"href":"https:\/\/suburbionoar.com.br\/index.php\/wp-json\/wp\/v2\/posts\/7849\/revisions"}],"predecessor-version":[{"id":7851,"href":"https:\/\/suburbionoar.com.br\/index.php\/wp-json\/wp\/v2\/posts\/7849\/revisions\/7851"}],"wp:featuredmedia":[{"embeddable":true,"href":"https:\/\/suburbionoar.com.br\/index.php\/wp-json\/wp\/v2\/media\/7850"}],"wp:attachment":[{"href":"https:\/\/suburbionoar.com.br\/index.php\/wp-json\/wp\/v2\/media?parent=7849"}],"wp:term":[{"taxonomy":"category","embeddable":true,"href":"https:\/\/suburbionoar.com.br\/index.php\/wp-json\/wp\/v2\/categories?post=7849"},{"taxonomy":"post_tag","embeddable":true,"href":"https:\/\/suburbionoar.com.br\/index.php\/wp-json\/wp\/v2\/tags?post=7849"}],"curies":[{"name":"wp","href":"https:\/\/api.w.org\/{rel}","templated":true}]}}