{"id":7846,"date":"2024-02-19T12:08:08","date_gmt":"2024-02-19T15:08:08","guid":{"rendered":"https:\/\/suburbionoar.com.br\/?p=7846"},"modified":"2024-02-19T12:08:11","modified_gmt":"2024-02-19T15:08:11","slug":"engavetamento-deixa-transito-lento-na-via-expressa","status":"publish","type":"post","link":"https:\/\/suburbionoar.com.br\/index.php\/2024\/02\/19\/engavetamento-deixa-transito-lento-na-via-expressa\/","title":{"rendered":"Engavetamento deixa tr\u00e2nsito lento na Via Expressa"},"content":{"rendered":"\n<p>Um engavetamento envolvendo dois carros e um \u00f4nibus, na regi\u00e3o da Avenida Heitor Dias, em Salvador, deixou o tr\u00e2nsito lento na regi\u00e3o.\u00a0Os ve\u00edculos\u00a0ocupam parte da Via Expressa e aguardam caminh\u00f5es guinchos para serem removidos.\u00a0 <\/p>\n\n\n\n<p>Agentes da Transalvador foram acionados e est\u00e3o no local para reordenamento do tr\u00e2nsito. De acordo com a Autarquia, n\u00e3o h\u00e1 registro de feridos no acidente.&nbsp;<\/p>\n\n\n\n<p>Ainda segundo a Transalvador, o carro de passeio teria atingido o \u00f4nibus e, logo em seguida, atingiu a mureta da via, no in\u00edcio do viaduto da Via Expressa.<\/p>\n\n\n\n<p>Fonte: A Tarde <\/p>\n","protected":false},"excerpt":{"rendered":"<p>Um engavetamento envolvendo dois carros e um \u00f4nibus, na regi\u00e3o da Avenida Heitor Dias, em Salvador, deixou o tr\u00e2nsito lento na regi\u00e3o.\u00a0Os ve\u00edculos\u00a0ocupam parte da Via Expressa e aguardam caminh\u00f5es guinchos para serem removidos.\u00a0 Agentes da Transalvador foram acionados e est\u00e3o no local para reordenamento do tr\u00e2nsito. De acordo com a Autarquia, n\u00e3o h\u00e1 registro [&hellip;]<\/p>\n","protected":false},"author":2,"featured_media":7847,"comment_status":"open","ping_status":"open","sticky":false,"template":"","format":"standard","meta":{"footnotes":""},"categories":[85],"tags":[],"class_list":["post-7846","post","type-post","status-publish","format-standard","has-post-thumbnail","hentry","category-noticias"],"_links":{"self":[{"href":"https:\/\/suburbionoar.com.br\/index.php\/wp-json\/wp\/v2\/posts\/7846","targetHints":{"allow":["GET"]}}],"collection":[{"href":"https:\/\/suburbionoar.com.br\/index.php\/wp-json\/wp\/v2\/posts"}],"about":[{"href":"https:\/\/suburbionoar.com.br\/index.php\/wp-json\/wp\/v2\/types\/post"}],"author":[{"embeddable":true,"href":"https:\/\/suburbionoar.com.br\/index.php\/wp-json\/wp\/v2\/users\/2"}],"replies":[{"embeddable":true,"href":"https:\/\/suburbionoar.com.br\/index.php\/wp-json\/wp\/v2\/comments?post=7846"}],"version-history":[{"count":1,"href":"https:\/\/suburbionoar.com.br\/index.php\/wp-json\/wp\/v2\/posts\/7846\/revisions"}],"predecessor-version":[{"id":7848,"href":"https:\/\/suburbionoar.com.br\/index.php\/wp-json\/wp\/v2\/posts\/7846\/revisions\/7848"}],"wp:featuredmedia":[{"embeddable":true,"href":"https:\/\/suburbionoar.com.br\/index.php\/wp-json\/wp\/v2\/media\/7847"}],"wp:attachment":[{"href":"https:\/\/suburbionoar.com.br\/index.php\/wp-json\/wp\/v2\/media?parent=7846"}],"wp:term":[{"taxonomy":"category","embeddable":true,"href":"https:\/\/suburbionoar.com.br\/index.php\/wp-json\/wp\/v2\/categories?post=7846"},{"taxonomy":"post_tag","embeddable":true,"href":"https:\/\/suburbionoar.com.br\/index.php\/wp-json\/wp\/v2\/tags?post=7846"}],"curies":[{"name":"wp","href":"https:\/\/api.w.org\/{rel}","templated":true}]}}