{"id":7821,"date":"2024-02-15T14:18:07","date_gmt":"2024-02-15T17:18:07","guid":{"rendered":"https:\/\/suburbionoar.com.br\/?p=7821"},"modified":"2024-02-15T14:18:09","modified_gmt":"2024-02-15T17:18:09","slug":"bolsonaro-pede-afastamento-de-alexandre-de-moraes-de-relatoria","status":"publish","type":"post","link":"https:\/\/suburbionoar.com.br\/index.php\/2024\/02\/15\/bolsonaro-pede-afastamento-de-alexandre-de-moraes-de-relatoria\/","title":{"rendered":"Bolsonaro pede afastamento de Alexandre de Moraes de relatoria"},"content":{"rendered":"\n<p>A defesa do ex-presidente Jair Bolsonaro pediu que o ministro Alexandre de Moraes, do Supremo Tribunal Federal (STF), seja afastado da relatoria das investiga\u00e7\u00f5es que apuram a exist\u00eancia de uma organiza\u00e7\u00e3o criminosa que teria atuado numa tentativa de golpe de Estado e aboli\u00e7\u00e3o do Estado Democr\u00e1tico de Direito.\u00a0<\/p>\n\n\n\n<p>Em peti\u00e7\u00e3o protocolada nesta quarta-feira (14), a defesa argumentou que Moraes n\u00e3o pode ser interessado e ao mesmo tempo juiz do caso. Isso porque, o ministro aparece nas investiga\u00e7\u00f5es como alvo dos supostos golpistas.&nbsp;<\/p>\n\n\n\n<p>Em paralelo, os advogados tamb\u00e9m pediram a\u00a0devolu\u00e7\u00e3o do passaporte de Bolsonaro, apreendido no \u00e2mbito da\u00a0Opera\u00e7\u00e3o Tempus Veritatis, autorizada por Moraes. O\u00a0ex-presidente, \u00e9 um dos alvos\u00a0e foi proibido de deixar o pa\u00eds ou de se comunicar com os demais investigados.<\/p>\n\n\n\n<p>Ao todo, foram cumpridas 48 medidas cautelares contra diversos investigados, incluindo ex-assessores diretos de Bolsonaro e militares da ativa e da reserva.<\/p>\n\n\n\n<h2 class=\"wp-block-heading\">Pedido<\/h2>\n\n\n\n<p>A defesa de Bolsonaro sustenta que a pr\u00f3pria PF, em peti\u00e7\u00e3o, atestou \u201cde maneira indubit\u00e1vel\u201d que Moraes seria v\u00edtima central dos atos investigados, com os investigadores \u201cdestacando diversos planos de a\u00e7\u00e3o que visavam diretamente sua pessoa\u201d.<\/p>\n\n\n\n<p>Segundo os advogados, Moraes teria determinado medidas cautelares contra pessoas que supostamente lhe infligem receio pessoal, \u201cou seja, assumiu, a um s\u00f3 tempo, a condi\u00e7\u00e3o de v\u00edtima e de julgador\u201d, diz a pe\u00e7a da defesa.&nbsp;<\/p>\n\n\n\n<p>O pedido foi direcionado ao presidente do Supremo, ministro Lu\u00eds Roberto Barroso, e \u00e9 assinado por sete advogados, entre os quais o criminalista Paulo Cunha Bueno, e Fabio Wajngarten, ex-ministro-chefe da Secretaria de Comunica\u00e7\u00e3o da Presid\u00eancia, que depois passou a representar o ex-presidente.&nbsp;<\/p>\n\n\n\n<p>Em relat\u00f3rio encaminhado ao Supremo, a PF informa ter colhido ind\u00edcios de que Bolsonaro recebeu e pediu altera\u00e7\u00f5es em uma minuta de decreto para realizar um golpe de Estado. O documento, segundo o relat\u00f3rio policial, previa interven\u00e7\u00e3o na Justi\u00e7a Eleitoral e a pris\u00e3o de Moraes.<\/p>\n\n\n\n<p>Fonte: Agencia Brasil<\/p>\n","protected":false},"excerpt":{"rendered":"<p>A defesa do ex-presidente Jair Bolsonaro pediu que o ministro Alexandre de Moraes, do Supremo Tribunal Federal (STF), seja afastado da relatoria das investiga\u00e7\u00f5es que apuram a exist\u00eancia de uma organiza\u00e7\u00e3o criminosa que teria atuado numa tentativa de golpe de Estado e aboli\u00e7\u00e3o do Estado Democr\u00e1tico de Direito.\u00a0 Em peti\u00e7\u00e3o protocolada nesta quarta-feira (14), a [&hellip;]<\/p>\n","protected":false},"author":2,"featured_media":7822,"comment_status":"open","ping_status":"open","sticky":false,"template":"","format":"standard","meta":{"footnotes":""},"categories":[85],"tags":[],"class_list":["post-7821","post","type-post","status-publish","format-standard","has-post-thumbnail","hentry","category-noticias"],"_links":{"self":[{"href":"https:\/\/suburbionoar.com.br\/index.php\/wp-json\/wp\/v2\/posts\/7821","targetHints":{"allow":["GET"]}}],"collection":[{"href":"https:\/\/suburbionoar.com.br\/index.php\/wp-json\/wp\/v2\/posts"}],"about":[{"href":"https:\/\/suburbionoar.com.br\/index.php\/wp-json\/wp\/v2\/types\/post"}],"author":[{"embeddable":true,"href":"https:\/\/suburbionoar.com.br\/index.php\/wp-json\/wp\/v2\/users\/2"}],"replies":[{"embeddable":true,"href":"https:\/\/suburbionoar.com.br\/index.php\/wp-json\/wp\/v2\/comments?post=7821"}],"version-history":[{"count":1,"href":"https:\/\/suburbionoar.com.br\/index.php\/wp-json\/wp\/v2\/posts\/7821\/revisions"}],"predecessor-version":[{"id":7823,"href":"https:\/\/suburbionoar.com.br\/index.php\/wp-json\/wp\/v2\/posts\/7821\/revisions\/7823"}],"wp:featuredmedia":[{"embeddable":true,"href":"https:\/\/suburbionoar.com.br\/index.php\/wp-json\/wp\/v2\/media\/7822"}],"wp:attachment":[{"href":"https:\/\/suburbionoar.com.br\/index.php\/wp-json\/wp\/v2\/media?parent=7821"}],"wp:term":[{"taxonomy":"category","embeddable":true,"href":"https:\/\/suburbionoar.com.br\/index.php\/wp-json\/wp\/v2\/categories?post=7821"},{"taxonomy":"post_tag","embeddable":true,"href":"https:\/\/suburbionoar.com.br\/index.php\/wp-json\/wp\/v2\/tags?post=7821"}],"curies":[{"name":"wp","href":"https:\/\/api.w.org\/{rel}","templated":true}]}}