{"id":7812,"date":"2024-02-15T10:50:30","date_gmt":"2024-02-15T13:50:30","guid":{"rendered":"https:\/\/suburbionoar.com.br\/?p=7812"},"modified":"2024-02-15T10:50:32","modified_gmt":"2024-02-15T13:50:32","slug":"linhas-de-onibus-da-lapa-serao-realocadas-a-partir-de-sexta-feira","status":"publish","type":"post","link":"https:\/\/suburbionoar.com.br\/index.php\/2024\/02\/15\/linhas-de-onibus-da-lapa-serao-realocadas-a-partir-de-sexta-feira\/","title":{"rendered":"Linhas de \u00f4nibus da Lapa ser\u00e3o realocadas a partir de sexta-feira"},"content":{"rendered":"\n<p>Algumas linhas da Esta\u00e7\u00e3o da Lapa passar\u00e3o por mudan\u00e7as a partir da pr\u00f3xima sexta-feira (16). Por causa das obras do BRT, as linhas de \u00f4nibus que t\u00eam parada de embarque e desembarque no primeiro piso da esta\u00e7\u00e3o ser\u00e3o remanejadas para o subsolo. As mudan\u00e7as ser\u00e3o definitivas, para permitir a constru\u00e7\u00e3o das esta\u00e7\u00f5es de embarque e desembarque do BRT Salvador.<\/p>\n\n\n\n<p>\u201cAs obras do novo trecho est\u00e3o avan\u00e7ando e essas mudan\u00e7as s\u00e3o necess\u00e1rias para que as obras na regi\u00e3o da Lapa possam seguir. N\u00e3o haver\u00e1 retirada das linhas que j\u00e1 operam na Lapa, apenas a redistribui\u00e7\u00e3o dessas linhas nas plataformas do subsolo\u201d, explicou o secret\u00e1rio da Semob, Fabrizzio Muller.<\/p>\n\n\n\n<p>Com isso, a partir desta sexta, a Plataforma F ir\u00e1 abrigar as linhas 0136 \u2013 LB1 x Chame Chame, 0903 \u2013 Lapa x Boca do Rio, 0137 \u2013 LB2 x Barra Avenida\/Barra, 0138 \u2013 LB3 x Garibaldi x Ondina, 0138-01 \u2013 Lapa x Vale do Canela, 0140 \u2013 Lapa x Rio Vermelho (via Cardeal da Silva) e a 0140-01 \u2013 Lapa x Federa\u00e7\u00e3o\/HGE.<\/p>\n\n\n\n<p>J\u00e1 a Plataforma G ir\u00e1 abrigar as linhas 0720 \u2013 Lapa x Vila Rui Barbosa, 0224 \u2013 Lapa x Thom\u00e9 de Souza, 0216 \u2013 Lapa x Ribeira, 0208 \u2013 Lapa x Massaranduba x Vila Rui Barbosa, 0718 \u2013 Lapa x Barroquinha, 0403 \u2013 Lapa x Caixa D\u2019\u00c1gua, 0417 \u2013 Lapa x IAPI, 0420 \u2013 Lapa x Pau Mi\u00fado, e a linha 0332 \u2013 Lapa x Fazenda Grande do Retiro.<\/p>\n\n\n\n<p>Na Plataforma H ser\u00e3o alocadas 10 linhas. S\u00e3o elas a 0530 \u2013 Lapa x Engenho Velho de Brotas\/Cosme de Farias, 0117 \u2013 Lapa x Brotas\/Daniel Lisboa, 0503 \u2013 Lapa x Brotas, 1615 \u2013 Lapa x Plataforma\/S\u00e3o Jo\u00e3o do Cabrito, 1648 \u2013 Lapa x Boa Vista do Lobato\/Alto do Cabrito, 1533 \u2013 Lapa x Fazenda Coutos, 1651 \u2013 Lapa x Base Naval\/S\u00e3o Tom\u00e9, 1604 \u2013 Lapa x Base Naval\/S\u00e3o Tom\u00e9\/Escola de Menor, 1627 \u2013 Lapa x Alto de Santa Terezinha e 1628 \u2013 Lapa x Rio Sena.<\/p>\n\n\n\n<p>Seis linhas ter\u00e3o embarque na Plataforma I, s\u00e3o elas 1334 \u2013 Lapa x Sete de Abril, 1372 \u2013 Lapa x Jardim Nova Esperan\u00e7a\/Vilamar, 1413 \u2013 Lapa x Boca da Mata, 1225 \u2013 Lapa x Sussuarana, 1102 \u2013 Lapa x Cabula 6 e 1215 \u2013 Lapa x Engomadeira.<\/p>\n\n\n\n<p>Na Plataforma J ficar\u00e3o as linhas 0116 \u2013 Lapa x HGE, 0718 \u2013 Lapa x Vale das Pedrinhas, 0715 \u2013 Lapa x Santa Cruz, 1005 \u2013 Lapa x Itapu\u00e3\/Praia do Flamengo, 1007 \u2013 Lapa x Terminal Aeroporto\/Jardim das Margaridas e 0805 \u2013 Lapa x Pituba.<\/p>\n\n\n\n<p>Fonte: Bahia Not\u00edcias<\/p>\n","protected":false},"excerpt":{"rendered":"<p>Algumas linhas da Esta\u00e7\u00e3o da Lapa passar\u00e3o por mudan\u00e7as a partir da pr\u00f3xima sexta-feira (16). Por causa das obras do BRT, as linhas de \u00f4nibus que t\u00eam parada de embarque e desembarque no primeiro piso da esta\u00e7\u00e3o ser\u00e3o remanejadas para o subsolo. As mudan\u00e7as ser\u00e3o definitivas, para permitir a constru\u00e7\u00e3o das esta\u00e7\u00f5es de embarque e [&hellip;]<\/p>\n","protected":false},"author":2,"featured_media":7813,"comment_status":"open","ping_status":"open","sticky":false,"template":"","format":"standard","meta":{"footnotes":""},"categories":[85],"tags":[],"class_list":["post-7812","post","type-post","status-publish","format-standard","has-post-thumbnail","hentry","category-noticias"],"_links":{"self":[{"href":"https:\/\/suburbionoar.com.br\/index.php\/wp-json\/wp\/v2\/posts\/7812","targetHints":{"allow":["GET"]}}],"collection":[{"href":"https:\/\/suburbionoar.com.br\/index.php\/wp-json\/wp\/v2\/posts"}],"about":[{"href":"https:\/\/suburbionoar.com.br\/index.php\/wp-json\/wp\/v2\/types\/post"}],"author":[{"embeddable":true,"href":"https:\/\/suburbionoar.com.br\/index.php\/wp-json\/wp\/v2\/users\/2"}],"replies":[{"embeddable":true,"href":"https:\/\/suburbionoar.com.br\/index.php\/wp-json\/wp\/v2\/comments?post=7812"}],"version-history":[{"count":1,"href":"https:\/\/suburbionoar.com.br\/index.php\/wp-json\/wp\/v2\/posts\/7812\/revisions"}],"predecessor-version":[{"id":7814,"href":"https:\/\/suburbionoar.com.br\/index.php\/wp-json\/wp\/v2\/posts\/7812\/revisions\/7814"}],"wp:featuredmedia":[{"embeddable":true,"href":"https:\/\/suburbionoar.com.br\/index.php\/wp-json\/wp\/v2\/media\/7813"}],"wp:attachment":[{"href":"https:\/\/suburbionoar.com.br\/index.php\/wp-json\/wp\/v2\/media?parent=7812"}],"wp:term":[{"taxonomy":"category","embeddable":true,"href":"https:\/\/suburbionoar.com.br\/index.php\/wp-json\/wp\/v2\/categories?post=7812"},{"taxonomy":"post_tag","embeddable":true,"href":"https:\/\/suburbionoar.com.br\/index.php\/wp-json\/wp\/v2\/tags?post=7812"}],"curies":[{"name":"wp","href":"https:\/\/api.w.org\/{rel}","templated":true}]}}