{"id":7784,"date":"2024-02-09T13:42:27","date_gmt":"2024-02-09T16:42:27","guid":{"rendered":"https:\/\/suburbionoar.com.br\/?p=7784"},"modified":"2024-02-09T13:42:28","modified_gmt":"2024-02-09T16:42:28","slug":"varela-net-folia-esse-sera-o-melhor-carnaval-de-todos-os-tempos-diz-jeronimo","status":"publish","type":"post","link":"https:\/\/suburbionoar.com.br\/index.php\/2024\/02\/09\/varela-net-folia-esse-sera-o-melhor-carnaval-de-todos-os-tempos-diz-jeronimo\/","title":{"rendered":"Varela Net Folia: &#8220;Esse ser\u00e1 o melhor carnaval de todos os tempos&#8221;, diz Jer\u00f4nimo"},"content":{"rendered":"\n<p>Na tarde desta quinta-feira (8), na abertura oficial do Carnaval, no Circuito Contrafluxo, que integra a Pra\u00e7a Castro Alves, o governador Jer\u00f4nimo Rodrigues (PT) concedeu entrevista exclusiva ao Varela Net. Comentando sobre suas expectativas para as festividades deste ano, o gestor disse, em tom animado, que esse ser\u00e1&nbsp;o &#8216;melhor carnaval de todos os tempos&#8217;.&nbsp;<\/p>\n\n\n\n<p>Jer\u00f4nimo ressaltou o poder da cultura baiana e em como h\u00e1 a expectativa, por parte do governo, de levar para o mundo a marca da Bahia, que, al\u00e9m de toda diversidade art\u00edstica, tem tamb\u00e9m a hospitalidade, o bom trato. <br>&#8220;O melhor carnaval de todos os tempos \u00e9 neste ano, com f\u00e9 em Deus. N\u00f3s estamos justamente nesse melhor carnaval de todos os tempos, celebrando meio s\u00e9culo de hist\u00f3ria dos blocos afro. Justamente junto com o bloco de cordas, os camarotes se misturam pra fazer essa riqueza do carnaval da Bahia. A expectativa nossa \u00e9 de apresentar pro mundo a nossa riqueza cultural, a marca da Bahia, do bom trato&#8221;, disse o governador.<\/p>\n\n\n\n<p>Fonte: Varela Net<\/p>\n","protected":false},"excerpt":{"rendered":"<p>Na tarde desta quinta-feira (8), na abertura oficial do Carnaval, no Circuito Contrafluxo, que integra a Pra\u00e7a Castro Alves, o governador Jer\u00f4nimo Rodrigues (PT) concedeu entrevista exclusiva ao Varela Net. Comentando sobre suas expectativas para as festividades deste ano, o gestor disse, em tom animado, que esse ser\u00e1&nbsp;o &#8216;melhor carnaval de todos os tempos&#8217;.&nbsp; Jer\u00f4nimo [&hellip;]<\/p>\n","protected":false},"author":2,"featured_media":7783,"comment_status":"open","ping_status":"open","sticky":false,"template":"","format":"standard","meta":{"footnotes":""},"categories":[98],"tags":[],"class_list":["post-7784","post","type-post","status-publish","format-standard","has-post-thumbnail","hentry","category-carnaval"],"_links":{"self":[{"href":"https:\/\/suburbionoar.com.br\/index.php\/wp-json\/wp\/v2\/posts\/7784","targetHints":{"allow":["GET"]}}],"collection":[{"href":"https:\/\/suburbionoar.com.br\/index.php\/wp-json\/wp\/v2\/posts"}],"about":[{"href":"https:\/\/suburbionoar.com.br\/index.php\/wp-json\/wp\/v2\/types\/post"}],"author":[{"embeddable":true,"href":"https:\/\/suburbionoar.com.br\/index.php\/wp-json\/wp\/v2\/users\/2"}],"replies":[{"embeddable":true,"href":"https:\/\/suburbionoar.com.br\/index.php\/wp-json\/wp\/v2\/comments?post=7784"}],"version-history":[{"count":1,"href":"https:\/\/suburbionoar.com.br\/index.php\/wp-json\/wp\/v2\/posts\/7784\/revisions"}],"predecessor-version":[{"id":7785,"href":"https:\/\/suburbionoar.com.br\/index.php\/wp-json\/wp\/v2\/posts\/7784\/revisions\/7785"}],"wp:featuredmedia":[{"embeddable":true,"href":"https:\/\/suburbionoar.com.br\/index.php\/wp-json\/wp\/v2\/media\/7783"}],"wp:attachment":[{"href":"https:\/\/suburbionoar.com.br\/index.php\/wp-json\/wp\/v2\/media?parent=7784"}],"wp:term":[{"taxonomy":"category","embeddable":true,"href":"https:\/\/suburbionoar.com.br\/index.php\/wp-json\/wp\/v2\/categories?post=7784"},{"taxonomy":"post_tag","embeddable":true,"href":"https:\/\/suburbionoar.com.br\/index.php\/wp-json\/wp\/v2\/tags?post=7784"}],"curies":[{"name":"wp","href":"https:\/\/api.w.org\/{rel}","templated":true}]}}