{"id":7568,"date":"2024-01-26T11:47:24","date_gmt":"2024-01-26T14:47:24","guid":{"rendered":"https:\/\/suburbionoar.com.br\/?p=7568"},"modified":"2024-01-26T11:47:26","modified_gmt":"2024-01-26T14:47:26","slug":"distrito-federal-registra-aumento-de-646-nos-casos-de-dengue-em-2024","status":"publish","type":"post","link":"https:\/\/suburbionoar.com.br\/index.php\/2024\/01\/26\/distrito-federal-registra-aumento-de-646-nos-casos-de-dengue-em-2024\/","title":{"rendered":"Distrito Federal registra aumento de 646% nos casos de dengue em 2024"},"content":{"rendered":"\n<p>Os casos de dengue no Distrito Federal registrados nas tr\u00eas primeiras semanas de 2024 aumentaram 646% em rela\u00e7\u00e3o ao mesmo per\u00edodo do ano passado. Neste per\u00edodo foram registrados 17.150 casos suspeitos da doen\u00e7a, dos quais 16.628 s\u00e3o classificados como casos prov\u00e1veis pela pr\u00f3pria Secretaria de Sa\u00fade do Distrito Federal. Em 2023, foram 2.154 casos prov\u00e1veis da doen\u00e7a.&nbsp;<\/p>\n\n\n\n<p>Dados do boletim epidemiol\u00f3gico mostram que Ceil\u00e2ndia aparece como a regi\u00e3o administrativa com maior incid\u00eancia de dengue (3.963 casos), seguida por Sol Nascente \/ P\u00f4r do Sol (1.110), Brazl\u00e2ndia (1.045) e Samambaia (997). H\u00e1 ainda tr\u00eas \u00f3bitos provocados pela doen\u00e7a j\u00e1 confirmados em 2024.&nbsp;<\/p>\n\n\n\n<p><strong>Perfil<\/strong><br>Com rela\u00e7\u00e3o ao perfil dos casos prov\u00e1veis por sexo e faixa et\u00e1ria, observa-se maior incid\u00eancia no sexo feminino, com 527,7 casos por 100 mil habitantes. J\u00e1 o grupo et\u00e1rio com maior incid\u00eancia de casos prov\u00e1veis de dengue est\u00e1 na faixa de 70 a 79 anos, com incid\u00eancia de 605,1 casos por 100 mil habitantes, seguido pelos grupos et\u00e1rios de 20 a 29 anos e 80 anos ou mais, com 589,3 e 575,4 casos por 100 mil habitantes, respectivamente.&nbsp;<\/p>\n\n\n\n<p>\u201cA suscetibilidade ao v\u00edrus da dengue \u00e9 universal, no entanto, fatores de risco individuais, tais como idade, etnia, presen\u00e7a de comorbidades e infec\u00e7\u00e3o secund\u00e1ria podem determinar a gravidade da doen\u00e7a. Crian\u00e7as mais novas, particularmente, podem ser menos capazes que adultos de compensar o extravasamento capilar e est\u00e3o, consequentemente, em maior risco de choque por dengue\u201d, alertou a secretaria. &nbsp;<\/p>\n\n\n\n<p>\u201cTamb\u00e9m dentro do grupo em maior risco est\u00e3o indiv\u00edduos acima de 65 anos, pois s\u00e3o mais vulner\u00e1veis \u00e0s complica\u00e7\u00f5es por possu\u00edrem sistema imunol\u00f3gico menos eficiente, pela poss\u00edvel exist\u00eancia de doen\u00e7as associadas e at\u00e9 pelo fato de se desidratarem com mais facilidade.\u201d&nbsp;<\/p>\n\n\n\n<p><strong>Vacina&nbsp;<\/strong><br>O Minist\u00e9rio da Sa\u00fade informou nesta quinta-feira (25) que 521 munic\u00edpios brasileiros foram selecionados para iniciar a vacina\u00e7\u00e3o contra a dengue via Sistema \u00danico de Sa\u00fade (SUS) a partir de fevereiro. As cidades comp\u00f5em 37 regi\u00f5es de sa\u00fade que, segundo a pasta, s\u00e3o consideradas end\u00eamicas para a doen\u00e7a.<\/p>\n\n\n\n<p>As regi\u00f5es selecionadas atendem a tr\u00eas crit\u00e9rios: s\u00e3o formadas por munic\u00edpios de grande porte, com mais de 100 mil habitantes; registram alta transmiss\u00e3o de dengue no per\u00edodo 2023-2024; e t\u00eam maior predomin\u00e2ncia do sorotipo DENV-2. Conforme a lista, 16 estados e o Distrito Federal t\u00eam cidades que preenchem os requisitos.&nbsp;<\/p>\n\n\n\n<p>A pasta confirmou ainda que ser\u00e3o vacinados crian\u00e7as e adolescentes de 10 a 14 anos, uma das faixas et\u00e1rias que concentram maior n\u00famero de hospitaliza\u00e7\u00f5es por dengue. Os n\u00fameros mostram que, de janeiro de 2019 a novembro de 2023, o grupo respondeu por 16,4 mil hospitaliza\u00e7\u00f5es, atr\u00e1s apenas dos idosos, grupo para o qual a vacina n\u00e3o foi autorizada.<\/p>\n\n\n\n<p>Fonte: Varela Net <\/p>\n","protected":false},"excerpt":{"rendered":"<p>Os casos de dengue no Distrito Federal registrados nas tr\u00eas primeiras semanas de 2024 aumentaram 646% em rela\u00e7\u00e3o ao mesmo per\u00edodo do ano passado. Neste per\u00edodo foram registrados 17.150 casos suspeitos da doen\u00e7a, dos quais 16.628 s\u00e3o classificados como casos prov\u00e1veis pela pr\u00f3pria Secretaria de Sa\u00fade do Distrito Federal. Em 2023, foram 2.154 casos prov\u00e1veis [&hellip;]<\/p>\n","protected":false},"author":2,"featured_media":7569,"comment_status":"open","ping_status":"open","sticky":false,"template":"","format":"standard","meta":{"footnotes":""},"categories":[94],"tags":[],"class_list":["post-7568","post","type-post","status-publish","format-standard","has-post-thumbnail","hentry","category-saude-2"],"_links":{"self":[{"href":"https:\/\/suburbionoar.com.br\/index.php\/wp-json\/wp\/v2\/posts\/7568","targetHints":{"allow":["GET"]}}],"collection":[{"href":"https:\/\/suburbionoar.com.br\/index.php\/wp-json\/wp\/v2\/posts"}],"about":[{"href":"https:\/\/suburbionoar.com.br\/index.php\/wp-json\/wp\/v2\/types\/post"}],"author":[{"embeddable":true,"href":"https:\/\/suburbionoar.com.br\/index.php\/wp-json\/wp\/v2\/users\/2"}],"replies":[{"embeddable":true,"href":"https:\/\/suburbionoar.com.br\/index.php\/wp-json\/wp\/v2\/comments?post=7568"}],"version-history":[{"count":1,"href":"https:\/\/suburbionoar.com.br\/index.php\/wp-json\/wp\/v2\/posts\/7568\/revisions"}],"predecessor-version":[{"id":7570,"href":"https:\/\/suburbionoar.com.br\/index.php\/wp-json\/wp\/v2\/posts\/7568\/revisions\/7570"}],"wp:featuredmedia":[{"embeddable":true,"href":"https:\/\/suburbionoar.com.br\/index.php\/wp-json\/wp\/v2\/media\/7569"}],"wp:attachment":[{"href":"https:\/\/suburbionoar.com.br\/index.php\/wp-json\/wp\/v2\/media?parent=7568"}],"wp:term":[{"taxonomy":"category","embeddable":true,"href":"https:\/\/suburbionoar.com.br\/index.php\/wp-json\/wp\/v2\/categories?post=7568"},{"taxonomy":"post_tag","embeddable":true,"href":"https:\/\/suburbionoar.com.br\/index.php\/wp-json\/wp\/v2\/tags?post=7568"}],"curies":[{"name":"wp","href":"https:\/\/api.w.org\/{rel}","templated":true}]}}