{"id":7544,"date":"2024-01-25T15:30:38","date_gmt":"2024-01-25T18:30:38","guid":{"rendered":"https:\/\/suburbionoar.com.br\/?p=7544"},"modified":"2024-01-25T15:30:40","modified_gmt":"2024-01-25T18:30:40","slug":"prefeitura-vai-reconstruir-escola-com-investimento-superior-a-r14-mi","status":"publish","type":"post","link":"https:\/\/suburbionoar.com.br\/index.php\/2024\/01\/25\/prefeitura-vai-reconstruir-escola-com-investimento-superior-a-r14-mi\/","title":{"rendered":"Prefeitura vai reconstruir escola com investimento superior a R$14 mi"},"content":{"rendered":"\n<p>A Prefeitura de Salvador decidiu que vai\u00a0reconstruir a\u00a0Escola Municipal \u00c1lvaro Vasconcelos da Rocha, situada na Travessa 2 de Julho, em Coutos. O investimento de recursos supera os R$ 14 milh\u00f5es.\u00a0<\/p>\n\n\n\n<p>A ordem de servi\u00e7o que marca o in\u00edcio das obras para a nova unidade escolar foi assinada no local pelo prefeito Bruno Reis e pelo titular da Secretaria Municipal da Educa\u00e7\u00e3o (Smed), Thiago Dantas.<\/p>\n\n\n\n<p>Bruno afirmou que Salvador tem pressa para avan\u00e7ar e se tornar refer\u00eancia na qualidade da educa\u00e7\u00e3o.<\/p>\n\n\n\n<p>&#8220;Essas imagens, que agora ficar\u00e3o no passado, eram de uma escola que s\u00f3 atendia a 200 alunos. Era um sonho que tiv\u00e9ssemos aqui uma unidade com o padr\u00e3o de qualidade da melhor Prefeitura de todo o Brasil. Vamos ter 600% de aumento na oferta de vagas para atender as crian\u00e7as da comunidade. E quem acompanhou as 20 escolas que j\u00e1 entregamos ao longo do nosso mandato sabe que elas s\u00e3o melhores que muitas escolas da rede privada&#8221;, enfatizou Bruno Reis.<\/p>\n\n\n\n<p>A capital possui atualmente 26 unidades escolares em constru\u00e7\u00e3o ou reconstru\u00e7\u00e3o. A meta, segundo o prefeito, \u00e9 entregar 51 escolas novas at\u00e9 o fim deste ano. Para os pr\u00f3ximos dias mais quatro unidades de ensino dever\u00e3o ter obras iniciadas em diferentes pontos da capital \u2013 uma delas \u00e9 a Escola Municipal Almirante Ernesto de Mour\u00e3o S\u00e1, em Paripe.<\/p>\n\n\n\n<p><strong>Investimento<\/strong><\/p>\n\n\n\n<p>Essa \u00e9 a quinta reconstru\u00e7\u00e3o escolar iniciada em janeiro de 2024. Com o investimento de R$14,8 milh\u00f5es, a unidade de ensino passar\u00e1 a ter 20 salas de aula climatizadas com capacidade para beneficiar a 1,4 mil alunos.<\/p>\n\n\n\n<p>As obras dever\u00e3o ser conclu\u00eddas no final deste ano e a comunidade passar\u00e1 a ter um espa\u00e7o com quadra esportiva, audit\u00f3rio, parque infantil, recreio coberto, recreio descoberto, acessibilidade, sistemas de capta\u00e7\u00e3o de energia solar e de reutiliza\u00e7\u00e3o de \u00e1gua pluvial, sala de professores, diretoria, secretaria, acolhimento, refeit\u00f3rio, entre outros espa\u00e7os.<\/p>\n\n\n\n<p>Bruno Reis destacou que a capital ter\u00e1 um investimento expressivo este ano, superando a marca de anos anteriores. \u201cO que vamos fazer em programas, projetos e iniciativas que j\u00e1 est\u00e3o em curso ou v\u00e3o iniciar, a expectativa para 2024 \u00e9 superar a casa de R$2,7 bilh\u00f5es. Educa\u00e7\u00e3o se faz com investimentos, estabelecendo prioridades e olhando de forma estrat\u00e9gica o in\u00edcio, meio e fim da forma\u00e7\u00e3o das crian\u00e7as\u201d, enfatizou.<\/p>\n\n\n\n<p>O titular da Smed, Thiago Dantas, afirmou que esta iniciativa \u00e9 somada a diversos outros investimentos que a Prefeitura tem feito para qualificar a educa\u00e7\u00e3o na capital, a exemplo do novo fardamento escolar, do uso da tecnologia digital em sala de aula e das iniciativas pedag\u00f3gicas realizadas dentro do programa Nossa Rede.<\/p>\n\n\n\n<p>\u201cO ano de 2024 certamente ser\u00e1 para celebrar muitas vit\u00f3rias e avan\u00e7os para a educa\u00e7\u00e3o. Isso tudo, certamente, s\u00e3o muito mais motivos para a gente comemorar\u201d, contou.<\/p>\n\n\n\n<p>Fonte: A Tarde <\/p>\n","protected":false},"excerpt":{"rendered":"<p>A Prefeitura de Salvador decidiu que vai\u00a0reconstruir a\u00a0Escola Municipal \u00c1lvaro Vasconcelos da Rocha, situada na Travessa 2 de Julho, em Coutos. O investimento de recursos supera os R$ 14 milh\u00f5es.\u00a0 A ordem de servi\u00e7o que marca o in\u00edcio das obras para a nova unidade escolar foi assinada no local pelo prefeito Bruno Reis e pelo [&hellip;]<\/p>\n","protected":false},"author":2,"featured_media":7545,"comment_status":"open","ping_status":"open","sticky":false,"template":"","format":"standard","meta":{"footnotes":""},"categories":[91],"tags":[],"class_list":["post-7544","post","type-post","status-publish","format-standard","has-post-thumbnail","hentry","category-politica"],"_links":{"self":[{"href":"https:\/\/suburbionoar.com.br\/index.php\/wp-json\/wp\/v2\/posts\/7544","targetHints":{"allow":["GET"]}}],"collection":[{"href":"https:\/\/suburbionoar.com.br\/index.php\/wp-json\/wp\/v2\/posts"}],"about":[{"href":"https:\/\/suburbionoar.com.br\/index.php\/wp-json\/wp\/v2\/types\/post"}],"author":[{"embeddable":true,"href":"https:\/\/suburbionoar.com.br\/index.php\/wp-json\/wp\/v2\/users\/2"}],"replies":[{"embeddable":true,"href":"https:\/\/suburbionoar.com.br\/index.php\/wp-json\/wp\/v2\/comments?post=7544"}],"version-history":[{"count":1,"href":"https:\/\/suburbionoar.com.br\/index.php\/wp-json\/wp\/v2\/posts\/7544\/revisions"}],"predecessor-version":[{"id":7546,"href":"https:\/\/suburbionoar.com.br\/index.php\/wp-json\/wp\/v2\/posts\/7544\/revisions\/7546"}],"wp:featuredmedia":[{"embeddable":true,"href":"https:\/\/suburbionoar.com.br\/index.php\/wp-json\/wp\/v2\/media\/7545"}],"wp:attachment":[{"href":"https:\/\/suburbionoar.com.br\/index.php\/wp-json\/wp\/v2\/media?parent=7544"}],"wp:term":[{"taxonomy":"category","embeddable":true,"href":"https:\/\/suburbionoar.com.br\/index.php\/wp-json\/wp\/v2\/categories?post=7544"},{"taxonomy":"post_tag","embeddable":true,"href":"https:\/\/suburbionoar.com.br\/index.php\/wp-json\/wp\/v2\/tags?post=7544"}],"curies":[{"name":"wp","href":"https:\/\/api.w.org\/{rel}","templated":true}]}}