{"id":7528,"date":"2024-01-25T11:43:46","date_gmt":"2024-01-25T14:43:46","guid":{"rendered":"https:\/\/suburbionoar.com.br\/?p=7528"},"modified":"2024-01-25T11:43:48","modified_gmt":"2024-01-25T14:43:48","slug":"primeira-vacinada-do-brasil-sera-candidata-a-vereadora-em-sao-paulo","status":"publish","type":"post","link":"https:\/\/suburbionoar.com.br\/index.php\/2024\/01\/25\/primeira-vacinada-do-brasil-sera-candidata-a-vereadora-em-sao-paulo\/","title":{"rendered":"Primeira vacinada do Brasil ser\u00e1 candidata a vereadora em S\u00e3o Paulo"},"content":{"rendered":"\n<p>A enfermeira Monica Calazans ser\u00e1 candidata a vereadora pelo PSB, na cidade de S\u00e3o Paulo. Ela foi a primeira brasileira a receber a vacina contra a Covid-19 no pa\u00eds. O partido lan\u00e7ar\u00e1 Tabata Amaral \u00e0 prefeitura da capital.<\/p>\n\n\n\n<p>Monica, de 57 anos, ganhou notoriedade no in\u00edcio de 2021, quando recebeu a primeira dose da vacina CoronaVac. Ela trabalhava na Unidade de Terapia Intensiva (UTI) do hospital Em\u00edlio Ribas e al\u00e9m de ser profissional de sa\u00fade, pertence ao grupo de risco, tendo diabetes e hipertens\u00e3o. A informa\u00e7\u00e3o foi inicialmente divulgada pela &#8220;Folha de S.Paulo&#8221;.<\/p>\n\n\n\n<p>&#8220;Agora vamos come\u00e7ar a voltar \u00e0 vida normal. Todo mundo vacinado. Estou feliz. Me sinto representante dos profissionais da sa\u00fade e da popula\u00e7\u00e3o brasileira&#8221;, celebrou Monica Calazans ap\u00f3s receber a dose da vacina.<\/p>\n\n\n\n<p>Monica Calazans \u00e9 natural de Itaquera, na zona leste de S\u00e3o Paulo. Ela come\u00e7ou a carreira como auxiliar de enfermagem e se graduou como enfermeira aos 47 anos. A pr\u00e9-candidatura da profissional est\u00e1 embasada na defesa da sa\u00fade, da vacina\u00e7\u00e3o e do sistema p\u00fablico de atendimento.<\/p>\n\n\n\n<p>Em novembro, ela esteve ao lado de Tabata Amaral em um evento do PSB. &#8220;Dia de prestigiar o evento do PSB da Capital pela formatura dos novos formandos da Escola do Voto. Parab\u00e9ns a todos&#8221;, escreveu em publica\u00e7\u00e3o.<\/p>\n\n\n\n<p>Fonte: A Tarde <\/p>\n","protected":false},"excerpt":{"rendered":"<p>A enfermeira Monica Calazans ser\u00e1 candidata a vereadora pelo PSB, na cidade de S\u00e3o Paulo. Ela foi a primeira brasileira a receber a vacina contra a Covid-19 no pa\u00eds. O partido lan\u00e7ar\u00e1 Tabata Amaral \u00e0 prefeitura da capital. Monica, de 57 anos, ganhou notoriedade no in\u00edcio de 2021, quando recebeu a primeira dose da vacina [&hellip;]<\/p>\n","protected":false},"author":2,"featured_media":7529,"comment_status":"open","ping_status":"open","sticky":false,"template":"","format":"standard","meta":{"footnotes":""},"categories":[94],"tags":[],"class_list":["post-7528","post","type-post","status-publish","format-standard","has-post-thumbnail","hentry","category-saude-2"],"_links":{"self":[{"href":"https:\/\/suburbionoar.com.br\/index.php\/wp-json\/wp\/v2\/posts\/7528","targetHints":{"allow":["GET"]}}],"collection":[{"href":"https:\/\/suburbionoar.com.br\/index.php\/wp-json\/wp\/v2\/posts"}],"about":[{"href":"https:\/\/suburbionoar.com.br\/index.php\/wp-json\/wp\/v2\/types\/post"}],"author":[{"embeddable":true,"href":"https:\/\/suburbionoar.com.br\/index.php\/wp-json\/wp\/v2\/users\/2"}],"replies":[{"embeddable":true,"href":"https:\/\/suburbionoar.com.br\/index.php\/wp-json\/wp\/v2\/comments?post=7528"}],"version-history":[{"count":1,"href":"https:\/\/suburbionoar.com.br\/index.php\/wp-json\/wp\/v2\/posts\/7528\/revisions"}],"predecessor-version":[{"id":7530,"href":"https:\/\/suburbionoar.com.br\/index.php\/wp-json\/wp\/v2\/posts\/7528\/revisions\/7530"}],"wp:featuredmedia":[{"embeddable":true,"href":"https:\/\/suburbionoar.com.br\/index.php\/wp-json\/wp\/v2\/media\/7529"}],"wp:attachment":[{"href":"https:\/\/suburbionoar.com.br\/index.php\/wp-json\/wp\/v2\/media?parent=7528"}],"wp:term":[{"taxonomy":"category","embeddable":true,"href":"https:\/\/suburbionoar.com.br\/index.php\/wp-json\/wp\/v2\/categories?post=7528"},{"taxonomy":"post_tag","embeddable":true,"href":"https:\/\/suburbionoar.com.br\/index.php\/wp-json\/wp\/v2\/tags?post=7528"}],"curies":[{"name":"wp","href":"https:\/\/api.w.org\/{rel}","templated":true}]}}