{"id":7525,"date":"2024-01-25T11:29:34","date_gmt":"2024-01-25T14:29:34","guid":{"rendered":"https:\/\/suburbionoar.com.br\/?p=7525"},"modified":"2024-01-25T11:29:36","modified_gmt":"2024-01-25T14:29:36","slug":"operacao-prende-investigado-por-roubo-e-extorsao-em-salvador","status":"publish","type":"post","link":"https:\/\/suburbionoar.com.br\/index.php\/2024\/01\/25\/operacao-prende-investigado-por-roubo-e-extorsao-em-salvador\/","title":{"rendered":"Opera\u00e7\u00e3o prende investigado por roubo e extors\u00e3o em Salvador"},"content":{"rendered":"\n<p>O Minist\u00e9rio P\u00fablico da Bahia, por meio do Grupo de Atua\u00e7\u00e3o Especial de Combate ao Crime Organizado (Gaeco), deflagrou na manh\u00e3 desta quinta-feira (25), a \u2018Opera\u00e7\u00e3o Varredura\u2019, que cumpriu mandados de pris\u00e3o tempor\u00e1ria e de busca e apreens\u00e3o de um homem investigado \u00a0pelos crimes de roubo, extors\u00e3o e associa\u00e7\u00e3o criminosa.\u00a0<\/p>\n\n\n\n<p>A opera\u00e7\u00e3o foi realizada em conjunto com a Pol\u00edcia Federal e a Pol\u00edcia Militar, por meio da Companhia Independente de Policiamento T\u00e1tico (Rondesp) da Regi\u00e3o Metropolitana de Salvador.\u00a0<\/p>\n\n\n\n<p>A pedido do MP, tamb\u00e9m foram bloqueados os ativos financeiros do investigado. Conforme consta no Inqu\u00e9rito Policial, no dia 25 de setembro do ano passado, um empregado p\u00fablico federal foi abordado por dois indiv\u00edduos, por volta das 14h, no bairro de Cassange, em Salvador, que lhe roubaram, mediante grave amea\u00e7a e com o uso de armas de fogo, um celular da marca motorola e um ve\u00edculo Fiorino na cor branca.<\/p>\n\n\n\n<p>Durante as investiga\u00e7\u00f5es, constatou-se que eles usaram um ve\u00edculo Fiat Palio, na cor branca, que tinha sido roubado, horas antes do roubo do empregado p\u00fablico federal, al\u00e9m de ter restringido a liberdade de outra v\u00edtima e exigido que fosse feito um pix para a conta do homem que foi preso na opera\u00e7\u00e3o de hoje.<\/p>\n\n\n\n<p>A investiga\u00e7\u00e3o continuar\u00e1 para apura\u00e7\u00e3o de eventuais outros envolvidos. Se condenado pelos crimes cometidos, o investigado poder\u00e1 cumprir penas m\u00e1ximas que, somadas, podem chegar a 20 anos de pris\u00e3o.<\/p>\n\n\n\n<p>Fonte: Bahia Not\u00edcias <\/p>\n","protected":false},"excerpt":{"rendered":"<p>O Minist\u00e9rio P\u00fablico da Bahia, por meio do Grupo de Atua\u00e7\u00e3o Especial de Combate ao Crime Organizado (Gaeco), deflagrou na manh\u00e3 desta quinta-feira (25), a \u2018Opera\u00e7\u00e3o Varredura\u2019, que cumpriu mandados de pris\u00e3o tempor\u00e1ria e de busca e apreens\u00e3o de um homem investigado \u00a0pelos crimes de roubo, extors\u00e3o e associa\u00e7\u00e3o criminosa.\u00a0 A opera\u00e7\u00e3o foi realizada em [&hellip;]<\/p>\n","protected":false},"author":2,"featured_media":7526,"comment_status":"open","ping_status":"open","sticky":false,"template":"","format":"standard","meta":{"footnotes":""},"categories":[105],"tags":[],"class_list":["post-7525","post","type-post","status-publish","format-standard","has-post-thumbnail","hentry","category-policia"],"_links":{"self":[{"href":"https:\/\/suburbionoar.com.br\/index.php\/wp-json\/wp\/v2\/posts\/7525","targetHints":{"allow":["GET"]}}],"collection":[{"href":"https:\/\/suburbionoar.com.br\/index.php\/wp-json\/wp\/v2\/posts"}],"about":[{"href":"https:\/\/suburbionoar.com.br\/index.php\/wp-json\/wp\/v2\/types\/post"}],"author":[{"embeddable":true,"href":"https:\/\/suburbionoar.com.br\/index.php\/wp-json\/wp\/v2\/users\/2"}],"replies":[{"embeddable":true,"href":"https:\/\/suburbionoar.com.br\/index.php\/wp-json\/wp\/v2\/comments?post=7525"}],"version-history":[{"count":1,"href":"https:\/\/suburbionoar.com.br\/index.php\/wp-json\/wp\/v2\/posts\/7525\/revisions"}],"predecessor-version":[{"id":7527,"href":"https:\/\/suburbionoar.com.br\/index.php\/wp-json\/wp\/v2\/posts\/7525\/revisions\/7527"}],"wp:featuredmedia":[{"embeddable":true,"href":"https:\/\/suburbionoar.com.br\/index.php\/wp-json\/wp\/v2\/media\/7526"}],"wp:attachment":[{"href":"https:\/\/suburbionoar.com.br\/index.php\/wp-json\/wp\/v2\/media?parent=7525"}],"wp:term":[{"taxonomy":"category","embeddable":true,"href":"https:\/\/suburbionoar.com.br\/index.php\/wp-json\/wp\/v2\/categories?post=7525"},{"taxonomy":"post_tag","embeddable":true,"href":"https:\/\/suburbionoar.com.br\/index.php\/wp-json\/wp\/v2\/tags?post=7525"}],"curies":[{"name":"wp","href":"https:\/\/api.w.org\/{rel}","templated":true}]}}