{"id":7384,"date":"2024-01-19T11:06:18","date_gmt":"2024-01-19T14:06:18","guid":{"rendered":"https:\/\/suburbionoar.com.br\/?p=7384"},"modified":"2024-01-19T11:06:20","modified_gmt":"2024-01-19T14:06:20","slug":"pf-prende-principal-comparsa-em-mortes-de-bruno-pereira-e-dom-phillips","status":"publish","type":"post","link":"https:\/\/suburbionoar.com.br\/index.php\/2024\/01\/19\/pf-prende-principal-comparsa-em-mortes-de-bruno-pereira-e-dom-phillips\/","title":{"rendered":"PF prende principal comparsa em mortes de Bruno Pereira e Dom Phillips"},"content":{"rendered":"\n<p>A Pol\u00edcia Federal prendeu, nesta quinta-feira (18), um informante classificado como o \u201cprincipal comparsa\u201d do mandante do assassinato do indigenista Bruno Pereira e do jornalista brit\u00e2nico Dom Phillips. O suspeito, que repassou informa\u00e7\u00f5es que teriam colaborado para o crime, n\u00e3o teve o nome divulgado e foi preso em Tabatinga (AM) ap\u00f3s um mandado de pris\u00e3o expedido pela 1\u00aa Vara Criminal do munic\u00edpio.<\/p>\n\n\n\n<p>Em junho de 2022, Bruno e Dom foram mortos em Atalaia do Norte (AM), pr\u00f3ximo \u00e0 Terra Ind\u00edgena do Vale do Javari. Eles investigavam um esquema de pesca ilegal na regi\u00e3o.<\/p>\n\n\n\n<p>Apontado como mandante do crime, Rubens Villar Coelho, conhecido como \u201cCol\u00f4mbia\u201d, est\u00e1 preso em Manaus desde dezembro de 2022. Ele chegou a ficar fora da cadeia por dois meses, mas voltou \u00e0 pris\u00e3o por descumprir os termos da liberdade provis\u00f3ria.<\/p>\n\n\n\n<p>\u201cCol\u00f4mbia\u201d responde por acusa\u00e7\u00f5es de falsificar documentos de identidade e de liderar uma organiza\u00e7\u00e3o criminosa transnacional armada, investigada por outro inqu\u00e9rito que apura um esquema de pesca ilegal e contrabando no oeste do Amazonas.<\/p>\n\n\n\n<p>H\u00e1 um m\u00eas, a Pol\u00edcia Federal tinha prendido um homem que trabalhava como seguran\u00e7a de \u201cCol\u00f4mbia\u201d. Ele foi preso em flagrante por porte ilegal de arma de fogo quando os agentes cumpriam mandado de busca e apreens\u00e3o em sua casa.<\/p>\n\n\n\n<p><strong>Relembre o caso<\/strong><\/p>\n\n\n\n<p>V\u00edtimas de uma emboscada, Bruno e Dom foram mortos em 5 de junho de 2022, enquanto viajavam de barco pela regi\u00e3o do Vale do Javari. A dupla foi vista pela \u00faltima vez enquanto se deslocava da comunidade S\u00e3o Rafael para Atalaia do Norte, onde se reuniria com lideran\u00e7as ind\u00edgenas e de comunidades ribeirinhas. Os corpos foram resgatados dez dias depois, enterrados numa \u00e1rea de mata fechada, a cerca de tr\u00eas quil\u00f4metros da calha do Rio Itacoa\u00ed.<\/p>\n\n\n\n<p>Em outubro do ano passado, a Justi\u00e7a Federal no Amazonas determinou que sejam levados a j\u00fari popular os tr\u00eas executores: os pescadores Amarildo da Costa Oliveira, conhecido como \u201cPelado\u201d; seu irm\u00e3o Oseney da Costa de Oliveira, chamado de \u201cDos Santos\u201d; e Jefferson da Silva Lima, conhecido como \u201cPelado da Dinha\u201d. Eles est\u00e3o presos preventivamente em penitenci\u00e1rias federais de Campo Grande (MS) e Catanduvas (PR).<\/p>\n\n\n\n<p>Durante as investiga\u00e7\u00f5es foi indiciado como mandante dos homic\u00eddios Rubem Dario da Silva Villar, o \u201cCol\u00f4mbia\u201d, assim como outros envolvidos no esquema criminoso. Col\u00f4mbia est\u00e1 preso em Manaus por falsifica\u00e7\u00e3o de documentos de identidade e por chefiar uma organiza\u00e7\u00e3o criminosa transnacional armada, em outro inqu\u00e9rito que apurou pesca ilegal e contrabando.<\/p>\n\n\n\n<p>Com o prosseguimento das investiga\u00e7\u00f5es, ficou constatado em diversos documentos que Col\u00f4mbia tinha um seguran\u00e7a armado e dirigia sua organiza\u00e7\u00e3o criminosa por meio de informa\u00e7\u00f5es recebidas por este seguran\u00e7a.<\/p>\n\n\n\n<p>Fonte: Ag\u00eancia Brasil<\/p>\n","protected":false},"excerpt":{"rendered":"<p>A Pol\u00edcia Federal prendeu, nesta quinta-feira (18), um informante classificado como o \u201cprincipal comparsa\u201d do mandante do assassinato do indigenista Bruno Pereira e do jornalista brit\u00e2nico Dom Phillips. O suspeito, que repassou informa\u00e7\u00f5es que teriam colaborado para o crime, n\u00e3o teve o nome divulgado e foi preso em Tabatinga (AM) ap\u00f3s um mandado de pris\u00e3o [&hellip;]<\/p>\n","protected":false},"author":2,"featured_media":7385,"comment_status":"open","ping_status":"open","sticky":false,"template":"","format":"standard","meta":{"footnotes":""},"categories":[105],"tags":[],"class_list":["post-7384","post","type-post","status-publish","format-standard","has-post-thumbnail","hentry","category-policia"],"_links":{"self":[{"href":"https:\/\/suburbionoar.com.br\/index.php\/wp-json\/wp\/v2\/posts\/7384","targetHints":{"allow":["GET"]}}],"collection":[{"href":"https:\/\/suburbionoar.com.br\/index.php\/wp-json\/wp\/v2\/posts"}],"about":[{"href":"https:\/\/suburbionoar.com.br\/index.php\/wp-json\/wp\/v2\/types\/post"}],"author":[{"embeddable":true,"href":"https:\/\/suburbionoar.com.br\/index.php\/wp-json\/wp\/v2\/users\/2"}],"replies":[{"embeddable":true,"href":"https:\/\/suburbionoar.com.br\/index.php\/wp-json\/wp\/v2\/comments?post=7384"}],"version-history":[{"count":1,"href":"https:\/\/suburbionoar.com.br\/index.php\/wp-json\/wp\/v2\/posts\/7384\/revisions"}],"predecessor-version":[{"id":7386,"href":"https:\/\/suburbionoar.com.br\/index.php\/wp-json\/wp\/v2\/posts\/7384\/revisions\/7386"}],"wp:featuredmedia":[{"embeddable":true,"href":"https:\/\/suburbionoar.com.br\/index.php\/wp-json\/wp\/v2\/media\/7385"}],"wp:attachment":[{"href":"https:\/\/suburbionoar.com.br\/index.php\/wp-json\/wp\/v2\/media?parent=7384"}],"wp:term":[{"taxonomy":"category","embeddable":true,"href":"https:\/\/suburbionoar.com.br\/index.php\/wp-json\/wp\/v2\/categories?post=7384"},{"taxonomy":"post_tag","embeddable":true,"href":"https:\/\/suburbionoar.com.br\/index.php\/wp-json\/wp\/v2\/tags?post=7384"}],"curies":[{"name":"wp","href":"https:\/\/api.w.org\/{rel}","templated":true}]}}