{"id":7236,"date":"2024-01-16T11:10:57","date_gmt":"2024-01-16T14:10:57","guid":{"rendered":"https:\/\/suburbionoar.com.br\/?p=7236"},"modified":"2024-01-16T11:10:59","modified_gmt":"2024-01-16T14:10:59","slug":"perfil-da-vice-de-geraldo-jr-sera-mulher-negra-e-conhecedora-dos-problemas-da-cidade-diz-vereador","status":"publish","type":"post","link":"https:\/\/suburbionoar.com.br\/index.php\/2024\/01\/16\/perfil-da-vice-de-geraldo-jr-sera-mulher-negra-e-conhecedora-dos-problemas-da-cidade-diz-vereador\/","title":{"rendered":"Perfil da vice de Geraldo Jr. ser\u00e1 mulher, negra e conhecedora dos problemas da cidade, diz vereador"},"content":{"rendered":"\n<p>Mulher, negra e conhecedora da cidade. Este foi o perfil tra\u00e7ado da pessoa que vai ocupar a vice na chapa encabe\u00e7ada por Geraldo Jr. (MDB) para disputar as elei\u00e7\u00f5es de Salvador, segundo o vereador Arnando Lessa (PT).\u00a0<\/p>\n\n\n\n<p>Nesta ter\u00e7a-feira (16), durante a inaugura\u00e7\u00e3o do posto de atendimento eleitoral na Esta\u00e7\u00e3o Pitua\u00e7u, o petista, na contram\u00e3o dos correligion\u00e1rios, afirmou que a vaga n\u00e3o precisa ser necessariamente do partido.\u00a0<\/p>\n\n\n\n<p>\u201cEu n\u00e3o defendo que a vice deva ser do PT. Eu acho que o PT tem que ter a amplitude de discutir quando \u00e9 mais partir da possibilidade da vice, fora inclusive da estrat\u00e9gia partid\u00e1ria. Uma vice pode vir da sociedade, pode vir do segmento organizado, pode vir do segmento evang\u00e9lico, ent\u00e3o a vice vai vir construindo uma grande possibilidade de uma chapa. Os nomes colocados todos s\u00e3o bem avaliados. Temos outras companheiras de diversos partidos, mas com o perfil que est\u00e1 tra\u00e7ado. Mulher, negra e conhecedora dos problemas da cidade. Ent\u00e3o, a partir da\u00ed vai ser f\u00e1cil afunilar\u201d, comentou Lessa.\u00a0<\/p>\n\n\n\n<p>Na ocasi\u00e3o, o vereador ainda acrescentou que acredita que o presidente Luiz In\u00e1cio Lula da Silva (PT) vir\u00e1 para a capital baiana durante a campanha eleitoral. \u201cLula vai vir aqui porque ele gosta da Bahia e gosta de Salvador. Eu acho que antes da elei\u00e7\u00e3o, no dia 6 de outubro, Lula vai vir aqui mais duas vezes e n\u00e3o s\u00f3 em Salvador\u201d, projetou. <\/p>\n\n\n\n<p>Fonte: Bahia Not\u00edcias <\/p>\n","protected":false},"excerpt":{"rendered":"<p>Mulher, negra e conhecedora da cidade. Este foi o perfil tra\u00e7ado da pessoa que vai ocupar a vice na chapa encabe\u00e7ada por Geraldo Jr. (MDB) para disputar as elei\u00e7\u00f5es de Salvador, segundo o vereador Arnando Lessa (PT).\u00a0 Nesta ter\u00e7a-feira (16), durante a inaugura\u00e7\u00e3o do posto de atendimento eleitoral na Esta\u00e7\u00e3o Pitua\u00e7u, o petista, na contram\u00e3o [&hellip;]<\/p>\n","protected":false},"author":2,"featured_media":7237,"comment_status":"open","ping_status":"open","sticky":false,"template":"","format":"standard","meta":{"footnotes":""},"categories":[91],"tags":[],"class_list":["post-7236","post","type-post","status-publish","format-standard","has-post-thumbnail","hentry","category-politica"],"_links":{"self":[{"href":"https:\/\/suburbionoar.com.br\/index.php\/wp-json\/wp\/v2\/posts\/7236","targetHints":{"allow":["GET"]}}],"collection":[{"href":"https:\/\/suburbionoar.com.br\/index.php\/wp-json\/wp\/v2\/posts"}],"about":[{"href":"https:\/\/suburbionoar.com.br\/index.php\/wp-json\/wp\/v2\/types\/post"}],"author":[{"embeddable":true,"href":"https:\/\/suburbionoar.com.br\/index.php\/wp-json\/wp\/v2\/users\/2"}],"replies":[{"embeddable":true,"href":"https:\/\/suburbionoar.com.br\/index.php\/wp-json\/wp\/v2\/comments?post=7236"}],"version-history":[{"count":1,"href":"https:\/\/suburbionoar.com.br\/index.php\/wp-json\/wp\/v2\/posts\/7236\/revisions"}],"predecessor-version":[{"id":7238,"href":"https:\/\/suburbionoar.com.br\/index.php\/wp-json\/wp\/v2\/posts\/7236\/revisions\/7238"}],"wp:featuredmedia":[{"embeddable":true,"href":"https:\/\/suburbionoar.com.br\/index.php\/wp-json\/wp\/v2\/media\/7237"}],"wp:attachment":[{"href":"https:\/\/suburbionoar.com.br\/index.php\/wp-json\/wp\/v2\/media?parent=7236"}],"wp:term":[{"taxonomy":"category","embeddable":true,"href":"https:\/\/suburbionoar.com.br\/index.php\/wp-json\/wp\/v2\/categories?post=7236"},{"taxonomy":"post_tag","embeddable":true,"href":"https:\/\/suburbionoar.com.br\/index.php\/wp-json\/wp\/v2\/tags?post=7236"}],"curies":[{"name":"wp","href":"https:\/\/api.w.org\/{rel}","templated":true}]}}