{"id":7230,"date":"2024-01-16T10:57:30","date_gmt":"2024-01-16T13:57:30","guid":{"rendered":"https:\/\/suburbionoar.com.br\/?p=7230"},"modified":"2024-01-16T10:57:32","modified_gmt":"2024-01-16T13:57:32","slug":"ex-deputado-causa-tumulto-na-lavagem-do-bonfim-para-ajudar-cavalo","status":"publish","type":"post","link":"https:\/\/suburbionoar.com.br\/index.php\/2024\/01\/16\/ex-deputado-causa-tumulto-na-lavagem-do-bonfim-para-ajudar-cavalo\/","title":{"rendered":"Ex-deputado causa tumulto na Lavagem do Bonfim para ajudar cavalo"},"content":{"rendered":"\n<p>Em meio \u00e0 caminhada da Lavagem do Bonfim nesta quinta-feira (11), o ex-deputado estadual Marcell Moraes (MDB) se envolveu em tumulto tentando ajudar um cavalo. Marcell ficou indignado ao testemunhar um cavalo sendo montado durante o percurso.<\/p>\n\n\n\n<p>Diante da cena, Moraes, conhecido por seu ativismo em prol dos direitos dos animais, desceu do palco em que se encontrava e elevou o tom ao confrontar o rapaz que, aparentemente, estava encarregado do animal.<\/p>\n\n\n\n<p>&#8220;Isto \u00e9 um crime! O uso de animais durante a lavagem \u00e9 proibido&#8221;, declarou veementemente. A sela e as morda\u00e7as do cavalo foram prontamente retiradas. O incidente foi documentado pelo site Fala Baiano.<\/p>\n\n\n\n<p>Fonte: Varela Net <\/p>\n","protected":false},"excerpt":{"rendered":"<p>Em meio \u00e0 caminhada da Lavagem do Bonfim nesta quinta-feira (11), o ex-deputado estadual Marcell Moraes (MDB) se envolveu em tumulto tentando ajudar um cavalo. Marcell ficou indignado ao testemunhar um cavalo sendo montado durante o percurso. Diante da cena, Moraes, conhecido por seu ativismo em prol dos direitos dos animais, desceu do palco em [&hellip;]<\/p>\n","protected":false},"author":2,"featured_media":7231,"comment_status":"open","ping_status":"open","sticky":false,"template":"","format":"standard","meta":{"footnotes":""},"categories":[91],"tags":[],"class_list":["post-7230","post","type-post","status-publish","format-standard","has-post-thumbnail","hentry","category-politica"],"_links":{"self":[{"href":"https:\/\/suburbionoar.com.br\/index.php\/wp-json\/wp\/v2\/posts\/7230","targetHints":{"allow":["GET"]}}],"collection":[{"href":"https:\/\/suburbionoar.com.br\/index.php\/wp-json\/wp\/v2\/posts"}],"about":[{"href":"https:\/\/suburbionoar.com.br\/index.php\/wp-json\/wp\/v2\/types\/post"}],"author":[{"embeddable":true,"href":"https:\/\/suburbionoar.com.br\/index.php\/wp-json\/wp\/v2\/users\/2"}],"replies":[{"embeddable":true,"href":"https:\/\/suburbionoar.com.br\/index.php\/wp-json\/wp\/v2\/comments?post=7230"}],"version-history":[{"count":1,"href":"https:\/\/suburbionoar.com.br\/index.php\/wp-json\/wp\/v2\/posts\/7230\/revisions"}],"predecessor-version":[{"id":7232,"href":"https:\/\/suburbionoar.com.br\/index.php\/wp-json\/wp\/v2\/posts\/7230\/revisions\/7232"}],"wp:featuredmedia":[{"embeddable":true,"href":"https:\/\/suburbionoar.com.br\/index.php\/wp-json\/wp\/v2\/media\/7231"}],"wp:attachment":[{"href":"https:\/\/suburbionoar.com.br\/index.php\/wp-json\/wp\/v2\/media?parent=7230"}],"wp:term":[{"taxonomy":"category","embeddable":true,"href":"https:\/\/suburbionoar.com.br\/index.php\/wp-json\/wp\/v2\/categories?post=7230"},{"taxonomy":"post_tag","embeddable":true,"href":"https:\/\/suburbionoar.com.br\/index.php\/wp-json\/wp\/v2\/tags?post=7230"}],"curies":[{"name":"wp","href":"https:\/\/api.w.org\/{rel}","templated":true}]}}