{"id":7188,"date":"2024-01-15T11:37:24","date_gmt":"2024-01-15T14:37:24","guid":{"rendered":"https:\/\/suburbionoar.com.br\/?p=7188"},"modified":"2024-01-15T11:37:26","modified_gmt":"2024-01-15T14:37:26","slug":"veja-dicas-de-locais-para-aproveitar-o-verao-no-suburbio-de-salvador","status":"publish","type":"post","link":"https:\/\/suburbionoar.com.br\/index.php\/2024\/01\/15\/veja-dicas-de-locais-para-aproveitar-o-verao-no-suburbio-de-salvador\/","title":{"rendered":"Veja dicas de locais para aproveitar o ver\u00e3o no Sub\u00farbio de Salvador"},"content":{"rendered":"\n<p id=\"paragrafo-q0fll55ska\">Dif\u00edcil pensar no ver\u00e3o de Salvador e n\u00e3o lembrar da Barra, Rio Vermelho e Pelourinho. Mas a cidade vai muito al\u00e9m desses pontos tur\u00edsticos. Do lado esquerdo do mapa, quase se despedindo da capital e se aproximando de Sim\u00f5es Filho e Candeias, est\u00e1 o sub\u00farbio. Repleto de praias, parques, clubes e restaurantes, ele tamb\u00e9m \u00e9 a cara do ver\u00e3o. Seus encantos, j\u00e1 bastante conhecidos pelos moradores locais, ganham destaque nas redes sociais. Com fotos e v\u00eddeos que registram paisagens de tirar o f\u00f4lego, t\u00eam tamb\u00e9m conquistado soteropolitanos de outras regi\u00f5es e at\u00e9 mesmo turistas.<\/p>\n\n\n\n<p id=\"paragrafo-ra1zsd6z2i\">Anderson Simpl\u00edcio, de 35 anos, \u00e9 o administrador do perfil @belezas.suburbio no Instagram, que foi criado em 2015 e hoje acumula mais de 400 mil seguidores. Encontrando amor no sub\u00farbio, como ele mesmo diz, d\u00e1 dicas de eventos, o que fazer e onde comer na localidade, abrangendo de Coutos, Plataforma e Periperi \u00e0s ilhas de Mar\u00e9, Frades e Bom Jesus dos Passos.<\/p>\n\n\n\n<p id=\"paragrafo-oo4at647gq\">\u201cCriei o Belezas do Sub\u00farbio no intuito de valorizar a regi\u00e3o, que at\u00e9 ent\u00e3o s\u00f3 era vista de forma marginalizada. No in\u00edcio era apenas um canal de compartilhamento de fotos das praias, por\u00e9m foi crescendo e se tornou um grande guia para quem quer conhecer a regi\u00e3o, suas belezas naturais, cultura e gastronomia, al\u00e9m de mostrar o potencial econ\u00f4mico que ela tem\u201d, conta Anderson.<\/p>\n\n\n\n<h2 class=\"wp-block-heading\" id=\"intertitulo-c57j8hz3sf\">Praia de S\u00e3o Tom\u00e9 de Paripe<\/h2>\n\n\n\n<figure class=\"wp-block-image\"><img decoding=\"async\" src=\"https:\/\/midias.correio24horas.com.br\/2024\/01\/05\/praia-de-sao-tome-de-paripe-1973389-article.jpg\" alt=\"Praia de S\u00e3o Tom\u00e9 de Paripe\"\/><\/figure>\n\n\n\n<p id=\"paragrafo-396zogvc6a\">Com \u00e1guas calmas e mornas ideais para quem est\u00e1 com crian\u00e7as, a praia de S\u00e3o Tom\u00e9 \u00e9 um deleite. Chamada at\u00e9 mesmo de Caribe do Sub\u00farbio, tem o mar cristalino e \u00e9 separada por apenas uma cerca de Inema, \u00e1rea militar de acesso restrito famosa por ser o lugar de veraneio de presidentes da Rep\u00fablica. H\u00e1 espa\u00e7o para estacionar ao longo da orla e ainda estacionamentos privativos em caso de dificuldade para encontrar vaga devido ao alto movimento aos finais de semana.<\/p>\n\n\n\n<p id=\"paragrafo-lolo3w8ur3\">O colorido dos barcos e dos sombreiros d\u00e3o um toque especial \u00e0 paisagem, acompanhada pela trilha sonora vinda das caixinhas de som. O cheiro \u00e9 uma mistura de op\u00e7\u00f5es de alimentos e bebidas vendidos na areia e tamb\u00e9m de barzinhos e restaurantes no cal\u00e7ad\u00e3o especializados em frutos do mar, como o Vela Mar, Varanda do Caranguejo e o Cara e Coroa. Por l\u00e1 \u00e9 poss\u00edvel encontrar desde cerveja gelada, drinks e coquet\u00e9is at\u00e9 sala de peguari, casquinha de siri, moqueca de peixe, moqueca de camar\u00e3o, caranguejo e mais.<\/p>\n\n\n\n<h2 class=\"wp-block-heading\" id=\"intertitulo-tc6uo1y0pw\">Casar\u00e3o do Alto<\/h2>\n\n\n\n<figure class=\"wp-block-image\"><img decoding=\"async\" src=\"https:\/\/midias.correio24horas.com.br\/2024\/01\/05\/vista-do-casarao-do-alto--1973394-article.jpg\" alt=\"Vista do Casar\u00e3o do Alto \"\/><\/figure>\n\n\n\n<p id=\"paragrafo-h4g3gll9nd\">Se afastando da praia e engatando numa ladeira atrav\u00e9s da Estrada do Derba, est\u00e1 o Casar\u00e3o do Alto. O local funciona como espa\u00e7o de eventos, principalmente casamentos, mas neste ver\u00e3o, tamb\u00e9m est\u00e1 aberto em esquema de day use. Ao passar do port\u00e3o, a impress\u00e3o \u00e9 de estar no interior, at\u00e9 mesmo o ar fica mais puro por conta da alta vegeta\u00e7\u00e3o ao redor. Mas a vista encantadora do mar \u00e0 frente ajuda a lembrar que ainda se est\u00e1 em Salvador.<\/p>\n\n\n\n<p id=\"paragrafo-xg9c6qmhrj\">Trata-se de uma excelente pedida de apoio para quem quer curtir a praia de S\u00e3o Tom\u00e9 de Paripe com tranquilidade. Al\u00e9m de acesso exclusivo \u00e0 praia, o local conta com red\u00e1rio, pequena trilha ecol\u00f3gica, ducha de \u00e1gua mineral, estacionamento gratuito, restaurante e, claro, um mirante para o p\u00f4r do sol. A taxa de acesso por pessoa \u00e9 de R$35.<\/p>\n\n\n\n<h2 class=\"wp-block-heading\" id=\"intertitulo-hjeh3ecxl5\">Praia de Tubar\u00e3o<\/h2>\n\n\n\n<figure class=\"wp-block-image\"><img decoding=\"async\" src=\"https:\/\/midias.correio24horas.com.br\/2024\/01\/05\/praia-de-tubarao-1973397-article.jpeg\" alt=\"Praia de Tubar\u00e3o\"\/><\/figure>\n\n\n\n<p id=\"paragrafo-gn44g2u8rs\">A Praia de Tubar\u00e3o, em Paripe, tamb\u00e9m tem mar calmo como o de S\u00e3o Tom\u00e9. Por l\u00e1, al\u00e9m de desfrutar do banho de mar, de um passeio pelo cal\u00e7ad\u00e3o e da pr\u00e1tica de atividades nas quadras esportivas, tamb\u00e9m \u00e9 poss\u00edvel mergulhar na hist\u00f3ria local. O Quilombo Aldeia Tubar\u00e3o (Quial) oferece um roteiro cultural para conhecer as hist\u00f3rias e tradi\u00e7\u00f5es do ambiente antes ocupado por povos ind\u00edgenas tupinamb\u00e1s. O passeio inclui caminhada pela praia, visita ao mangue, passagem pelas ru\u00ednas da antiga f\u00e1brica de cimento e visita \u00e0 comunidade.<\/p>\n\n\n\n<p id=\"paragrafo-87t5jlogum\">A dica de parada para almo\u00e7o ou petiscos \u00e9 o Emp\u00f3rio Tubar\u00e3o, um complexo de 10 bares e restaurantes de frente para o mar com uma variedade de pratos como feijoada, cozido e moqueca. H\u00e1 op\u00e7\u00f5es de mesas cobertas ou na praia e ainda estacionamento para os clientes.<\/p>\n\n\n\n<h2 class=\"wp-block-heading\" id=\"intertitulo-2qqux5c2p4\">Parque S\u00e3o Bartolomeu<\/h2>\n\n\n\n<figure class=\"wp-block-image\"><img decoding=\"async\" src=\"https:\/\/midias.correio24horas.com.br\/2024\/01\/05\/parque-sao-bartolomeu-1973401-article.jpg\" alt=\"Parque S\u00e3o Bartolomeu\"\/><\/figure>\n\n\n\n<p id=\"paragrafo-y38db52ko6\">Uma das maiores reservas de Mata Atl\u00e2ntica em \u00e1rea urbana do pa\u00eds, o Parque S\u00e3o Bartolomeu, entre a Enseada dos Cabritos e o bairro de Piraj\u00e1, tem grande import\u00e2ncia ambiental, hist\u00f3rica e religiosa. O local envolve uma \u00e1rea de preserva\u00e7\u00e3o ambiental da Bacia do Rio do Cobre e suas trilhas incluem tr\u00eas cachoeiras. O Parque tamb\u00e9m \u00e9 um santu\u00e1rio do candombl\u00e9, sendo ber\u00e7o de rituais. Por isso, espa\u00e7os do local recebem nomes de orix\u00e1s, como Oxumar\u00e9, Oxum e Nan\u00e3, e suas \u00e1guas s\u00e3o consideradas sagradas.<\/p>\n\n\n\n<p id=\"paragrafo-x1nu7xuc2m\">A recomenda\u00e7\u00e3o \u00e9 visitar o Parque em grupo e com um guia. O Instituto Trilha das Flores promove trilhas mensais e outras atividades, como yoga e dan\u00e7a, gratuitas no local. Os passeios s\u00e3o previamente divulgados nos perfis @parquesaobartolomeupirajaofc e @institutotrilhadasflores no Instagram. Tamb\u00e9m s\u00e3o promovidas trilhas pagas a cada final de semana, a partir de R$15, por ag\u00eancias como a Salvador Ecoturismo e Aventura.<\/p>\n\n\n\n<h2 class=\"wp-block-heading\" id=\"intertitulo-77bibfunqy\">Arvoredo Club House<\/h2>\n\n\n\n<figure class=\"wp-block-image\"><img decoding=\"async\" src=\"https:\/\/midias.correio24horas.com.br\/2024\/01\/05\/arvoredo-club-house-1973406-article.jpeg\" alt=\"Arvoredo Club House\"\/><\/figure>\n\n\n\n<p>Se o passeio for com crian\u00e7a e o objetivo for entretenimento e tranquilidade, a dica \u00e9 o clube Arvoredo, que fica em Periperi. Mediante o pagamento de uma taxa de R$25 a R$30, a depender do dia, \u00e9 poss\u00edvel ter acesso a piscinas tem\u00e1ticas, campo society e sal\u00e3o de jogos. O local tamb\u00e9m possui restaurante com parque infantil, sendo estes espa\u00e7os com acesso gratuito.<\/p>\n\n\n\n<h2 class=\"wp-block-heading\" id=\"intertitulo-iwei9iq2zu\">Restaurante Boca de Galinha<\/h2>\n\n\n\n<figure class=\"wp-block-image\"><img decoding=\"async\" src=\"https:\/\/midias.correio24horas.com.br\/2024\/01\/05\/restaurante-boca-de-galinha-1973407-article.jpg\" alt=\"Restaurante Boca de Galinha\"\/><\/figure>\n\n\n\n<p>Restaurante simples com cara de boteco em Plataforma, o Boca de Galinha serve a culin\u00e1ria regional e oferece uma bel\u00edssima vista para a Ba\u00eda de Itapagipe. O local, com cerca de 30 anos de hist\u00f3ria, \u00e9 ponto de refer\u00eancia da regi\u00e3o, tendo mais de 17 mil seguidores no Instagram. O nome \u00e9 um apelido do dono, Nilton Pereira. No card\u00e1pio, est\u00e3o peixe frito, casquinha de siri, agulha frita, lambreta, moqueca de camar\u00e3o e outros itens, que variam a cada dia conforme o fornecimento de mercadoria, sempre fresca. As moquecas grandes, que servem at\u00e9 quatro pessoas, variam entre R$85 e R$150. As op\u00e7\u00f5es de tira-gosto, que v\u00e3o de casquinha de siri a caldo de sururu e pititinga,\u00a0custam R$20, R$15 e R$25, respectivamente. O restaurante fica pertinho do Terminal Mar\u00edtimo de Plataforma.<\/p>\n\n\n\n<h2 class=\"wp-block-heading\" id=\"intertitulo-o0uhxgmdqp\">Passeio pelas ilhas de Mar\u00e9, Frades e Bom Jesus dos Passos<\/h2>\n\n\n\n<figure class=\"wp-block-image\"><img decoding=\"async\" src=\"https:\/\/midias.correio24horas.com.br\/2024\/01\/05\/praia-das-neves-ilha-de-mare-1973410-article.jpeg\" alt=\"PIlha de Mar\u00e9\"\/><\/figure>\n\n\n\n<p id=\"paragrafo-pycqfmmyie\">No meio da por\u00e7\u00e3o de mar formada entre Saubara, Candeias, Vera Cruz e Paripe est\u00e1 a parte insular da capital, composta pelas ilhas de Mar\u00e9, dos Frades e de Bom Jesus dos Passos, que podem ser acessadas pelo Terminal Hidrovi\u00e1rio de S\u00e3o Tom\u00e9 de Paripe ou Terminal Mar\u00edtimo de Madre de Deus. Elas misturam rotas tur\u00edsticas com simplicidade e tranquilidade e s\u00e3o ideais para passeios no esquema bate-volta.<\/p>\n\n\n\n<p id=\"paragrafo-sazdp93wdo\">A Ilha de Mar\u00e9, antiga aldeia de pescadores e marisqueiras e famosa pela moqueca de peguari, tem como trecho mais famoso a Praia das Neves. A Ilha dos Frades \u00e9 composta por praias, lagoas, cachoeiras, montanhas e uma vegeta\u00e7\u00e3o t\u00edpica da Mata Atl\u00e2ntica, tendo como praias mais conhecidas Loreto, Paramana e Nossa Senhora de Guadalupe. A Ilha de Bom Jesus dos Passos tem ruas de paralelep\u00edpedo, carregando a rusticidade de uma col\u00f4nia de pescadores \u00e0 beira de um mar de \u00e1guas tranquilas em praias como Pontinha e Ponta do Padre.<\/p>\n\n\n\n<p>Fonte: Jornal Correio <\/p>\n\n\n\n<p><\/p>\n","protected":false},"excerpt":{"rendered":"<p>Dif\u00edcil pensar no ver\u00e3o de Salvador e n\u00e3o lembrar da Barra, Rio Vermelho e Pelourinho. Mas a cidade vai muito al\u00e9m desses pontos tur\u00edsticos. Do lado esquerdo do mapa, quase se despedindo da capital e se aproximando de Sim\u00f5es Filho e Candeias, est\u00e1 o sub\u00farbio. Repleto de praias, parques, clubes e restaurantes, ele tamb\u00e9m \u00e9 [&hellip;]<\/p>\n","protected":false},"author":2,"featured_media":7189,"comment_status":"open","ping_status":"open","sticky":false,"template":"","format":"standard","meta":{"footnotes":""},"categories":[85],"tags":[],"class_list":["post-7188","post","type-post","status-publish","format-standard","has-post-thumbnail","hentry","category-noticias"],"_links":{"self":[{"href":"https:\/\/suburbionoar.com.br\/index.php\/wp-json\/wp\/v2\/posts\/7188","targetHints":{"allow":["GET"]}}],"collection":[{"href":"https:\/\/suburbionoar.com.br\/index.php\/wp-json\/wp\/v2\/posts"}],"about":[{"href":"https:\/\/suburbionoar.com.br\/index.php\/wp-json\/wp\/v2\/types\/post"}],"author":[{"embeddable":true,"href":"https:\/\/suburbionoar.com.br\/index.php\/wp-json\/wp\/v2\/users\/2"}],"replies":[{"embeddable":true,"href":"https:\/\/suburbionoar.com.br\/index.php\/wp-json\/wp\/v2\/comments?post=7188"}],"version-history":[{"count":1,"href":"https:\/\/suburbionoar.com.br\/index.php\/wp-json\/wp\/v2\/posts\/7188\/revisions"}],"predecessor-version":[{"id":7190,"href":"https:\/\/suburbionoar.com.br\/index.php\/wp-json\/wp\/v2\/posts\/7188\/revisions\/7190"}],"wp:featuredmedia":[{"embeddable":true,"href":"https:\/\/suburbionoar.com.br\/index.php\/wp-json\/wp\/v2\/media\/7189"}],"wp:attachment":[{"href":"https:\/\/suburbionoar.com.br\/index.php\/wp-json\/wp\/v2\/media?parent=7188"}],"wp:term":[{"taxonomy":"category","embeddable":true,"href":"https:\/\/suburbionoar.com.br\/index.php\/wp-json\/wp\/v2\/categories?post=7188"},{"taxonomy":"post_tag","embeddable":true,"href":"https:\/\/suburbionoar.com.br\/index.php\/wp-json\/wp\/v2\/tags?post=7188"}],"curies":[{"name":"wp","href":"https:\/\/api.w.org\/{rel}","templated":true}]}}