{"id":7179,"date":"2024-01-15T10:49:49","date_gmt":"2024-01-15T13:49:49","guid":{"rendered":"https:\/\/suburbionoar.com.br\/?p=7179"},"modified":"2024-01-15T10:49:51","modified_gmt":"2024-01-15T13:49:51","slug":"o-exercito-mantera-as-diversas-operacoes-de-apoio-a-sociedade","status":"publish","type":"post","link":"https:\/\/suburbionoar.com.br\/index.php\/2024\/01\/15\/o-exercito-mantera-as-diversas-operacoes-de-apoio-a-sociedade\/","title":{"rendered":"&#8220;O Ex\u00e9rcito manter\u00e1 as diversas opera\u00e7\u00f5es de apoio \u00e0 sociedade&#8221;"},"content":{"rendered":"\n<p>O novo comandante da 6\u00aa Regi\u00e3o Militar, o general\u00a0Andr\u00e9 Luiz Aguiar Ribeiro volta a morar em Salvador depois de 30 anos e com uma s\u00e9rie de desafios pela frente. Dentre eles est\u00e1 o de manter o esp\u00edrito funcional, a proatividade e o bem-estar dos integrantes do Ex\u00e9rcito. \u201cN\u00f3s temos um p\u00fablico interno constitu\u00eddo por oficiais, tenentes, sargentos, cabos e soldados, que s\u00e3o o nosso principal ativo. E dou um destaque todo especial ao fato que a maioria \u00e9 oriunda da sociedade soteropolitana\u201d, pontuou o general, nesta entrevista exclusiva.<\/p>\n\n\n\n<p>Mais do que isso, conforme explicou o comandante que tomou posse em dezembro, a 6\u00aa Regi\u00e3o Militar tem a miss\u00e3o de continuar apoiando a popula\u00e7\u00e3o baiana, seja atrav\u00e9s de opera\u00e7\u00f5es emergenciais como ocorreu no final de 2021, quando fortes chuvas atingiram o sul do estado, seja no apoio permanente a popula\u00e7\u00e3o do semi-\u00e1rido com a distribui\u00e7\u00e3o de \u00e1gua atrav\u00e9s de carros-pipa. Conhe\u00e7a mais sobre essas atividades na entrevista que segue.<\/p>\n\n\n\n<p><strong>O senhor assumiu em dezembro o comando da 6\u00aa Regi\u00e3o Militar, cuja vis\u00e3o \u00e9 ser reconhecida \u201cpelo elevado n\u00edvel de capacita\u00e7\u00e3o operacional, log\u00edstica e administrativa, pela imagem positiva na comunidade local, pelo esp\u00edrito profissional, proatividade e bem-estar de seus integrantes\u201d. Como trazer essa vis\u00e3o para o dia-a-dia da institui\u00e7\u00e3o?<\/strong><\/p>\n\n\n\n<p>Essa vis\u00e3o \u00e9 materializada a partir do momento que n\u00f3s chegamos \u00e0 unidade e naturalmente quando n\u00f3s retornamos para nossas resid\u00eancias. Eu preciso falar sobre alguns aspectos que s\u00e3o importantes at\u00e9 para compreens\u00e3o do que essa vis\u00e3o da 6\u00aa Regi\u00e3o Militar. Temos um comando sediado na capital soteropolitana, temos 15 organiza\u00e7\u00f5es militares de combate e de apoio ao combate, temos 18 tiros de guerra (institui\u00e7\u00e3o militar&nbsp; encarregada de formar reservistas). Desse montante, 14 organiza\u00e7\u00f5es militares est\u00e3o situadas na Bahia. E 16 dos 18 tiros de guerra tamb\u00e9m est\u00e3o na Bahia. Isso nos d\u00e1 um efetivo de aproximadamente 5.300 militares da ativa. N\u00f3s temos organiza\u00e7\u00f5es militares aqui em Salvador, em Feira de Santana, Paulo Afonso, Barreiras, Ilh\u00e9us e em Aracaju (Sergipe), para citar alguns lugares. Falando agora especificamente sobre como materializamos essa vis\u00e3o. A vis\u00e3o \u00e9 ser reconhecido no \u00e2mbito do Comando Militar do Nordeste pelo elevado n\u00edvel de capacita\u00e7\u00e3o operacional, log\u00edstica e administrativa, que na realidade n\u00f3s j\u00e1 temos. Isso \u00e9 fato. N\u00f3s procuramos sempre estabelecer metas mais alvissareiras e manter a imagem positiva que n\u00f3s temos perante a sociedade, n\u00e3o s\u00f3 da Bahia, mas tamb\u00e9m de Sergipe. E manter o esp\u00edrito funcional, a proatividade e o nosso principal ativo, que \u00e9 o bem-estar de nossos integrantes. N\u00f3s temos um p\u00fablico interno constitu\u00eddo por oficiais, tenentes, sargentos, cabos e soldados, que s\u00e3o o nosso principal ativo. E dou um destaque todo especial ao fato que a maioria \u00e9 oriunda da sociedade soteropolitana. Eles trazem consigo \u2013 excetuando oficiais e sargentos de carreira, que nem todos s\u00e3o de Salvador &#8211; uma carga da sociedade que, junto aos valores, aos princ\u00edpios, \u00e0 \u00e9tica militar, nos permitem chegar a essa zona futura. A cada per\u00edodo, a cada renova\u00e7\u00e3o de comando, a cada chegada de um novo comandante, essa vis\u00e3o de futuro vai sendo consubstanciada.<\/p>\n\n\n\n<p><strong>Dentre as atribui\u00e7\u00f5es da 6\u00aa Regi\u00e3o, est\u00e3o as chamadas atividades de Preparo e Emprego, que s\u00e3o atividades fim do Ex\u00e9rcito. Queria que o senhor fizesse um balan\u00e7o dessas atividades?<\/strong><\/p>\n\n\n\n<p>A minha preocupa\u00e7\u00e3o, ao falar de Preparo e Emprego, \u00e9 fazer isso de uma forma que fique compreens\u00edvel. A atividade de preparo e emprego \u00e9 toda atividade que visa transformar o nosso principal ativo n\u00e3o s\u00f3 num eficaz instrumento de combate, mas &nbsp;tamb\u00e9m para participar das nossas atividades com as suas subsidi\u00e1rias. N\u00f3s temos um Centro de Coordena\u00e7\u00e3o de Preparo e Emprego chefiado por um coronel que tem essa incumb\u00eancia. Eu falei na transforma\u00e7\u00e3o da tropa num eficaz instrumento de combate, mas tamb\u00e9m na realiza\u00e7\u00e3o das diversas opera\u00e7\u00f5es&nbsp;de apoio \u00e0 sociedade, que comumente chamados da M\u00e3o Amiga. Ainda nesse vi\u00e9s, as unidades que s\u00e3o subordinadas a 6\u00aa Regi\u00e3o Militar &nbsp;est\u00e3o permanentemente se preparando no tocante a instru\u00e7\u00e3o individual, ao adestramento, a nossa atividade fim muito bem definida, nas miss\u00f5es de defesa da p\u00e1tria e permanentemente tamb\u00e9m em condi\u00e7\u00f5es de cooperar com o desenvolvimento nacional e a nossa defesa civil. Vou passar algumas experi\u00eancias nos \u00faltimos anos que tivemos principalmente no tocante ao emprego. N\u00f3s fomos empregados para diversas situa\u00e7\u00f5es na Bahia e tamb\u00e9m fora do estado. Por exemplo, em 2014, n\u00f3s empregamos uma unidade para evitar o conflito entre ind\u00edgenas e agricultores no extremo sul do estado. Tivemos participa\u00e7\u00e3o no Rio de Janeiro na pacifica\u00e7\u00e3o do Complexo da Mar\u00e9. Com a Pol\u00edcia do Ex\u00e9rcito, em 2017, quando eu era chefe de um centro de coordena\u00e7\u00e3o do preparo emprego, estivemos em Pernambuco na ocasi\u00e3o de greves dos \u00f3rg\u00e3os de seguran\u00e7a p\u00fablica. Participamos da Copa das Confedera\u00e7\u00f5es em 2013, Copa do Mundo em 2014 e Jogos Ol\u00edmpicos em 2016. Apoio \u00e0 defesa civil &nbsp;durante a enchente no sul da Bahia, no final de 2021. Tudo isso com a preocupa\u00e7\u00e3o latente de cumprir a miss\u00e3o, mas n\u00e3o esquecendo que, nessas ocasi\u00f5es, n\u00f3s est\u00e1vamos em contato com a sociedade local. \u00c9 uma amostra muito significativa de atividades relacionadas ao preparo.<\/p>\n\n\n\n<p><strong>Ainda nesta seara, a 6\u00aa Regi\u00e3o Militar tem apoiado a Defesa Civil do Estado em opera\u00e7\u00f5es como de carro-pipa, por exemplo. Como se d\u00e1 essa parceria?<\/strong><\/p>\n\n\n\n<p>&nbsp;Todas essas participa\u00e7\u00f5es est\u00e3o na vertente da M\u00e3o Amiga. Eu vou passar algumas experi\u00eancias e vou deixar a resposta espec\u00edfica sobre as opera\u00e7\u00f5es com carro-pipa por \u00faltimo, mas n\u00e3o por isso menos importante. Na vertente M\u00e3o Amiga n\u00f3s temos a participa\u00e7\u00e3o da 6\u00aa Regi\u00e3o Militar contribuindo, por exemplo,&nbsp; com obras de infraestrutura, na forma\u00e7\u00e3o de m\u00e3o de obra qualificada, estimulando a cultura e o desporto. N\u00f3s temos a participa\u00e7\u00e3o, n\u00e3o s\u00f3 da 6\u00aa Regi\u00e3o, mas do Comando Militar do Nordeste como um todo, na promo\u00e7\u00e3o do respeito \u00e0 natureza, na redu\u00e7\u00e3o de car\u00eancias sociais, em parceria com ag\u00eancias governamentais, no combate aos efeitos da seca na Bahia e tamb\u00e9m em outros estados. Temos alguns exemplos cl\u00e1ssicos. &nbsp;No final de 2021, in\u00edcio de 2022, n\u00f3s tivemos cerca de 500 militares pertencentes a diversas organiza\u00e7\u00f5es militares atuando no sul do estado para minimizar os danos das fortes chuvas que atingiram a regi\u00e3o. Tivemos, na opera\u00e7\u00e3o, militares de Feira de Santana, Barreiras, Paulo Afonso. L\u00e1 n\u00f3s t\u00ednhamos tamb\u00e9m elementos de fora da Bahia, t\u00ednhamos aeronaves que vieram de Taubat\u00e9, do Batalh\u00e3o de Avia\u00e7\u00e3o do Ex\u00e9rcito. N\u00f3s tivemos cerca de 50 viaturas participando desta opera\u00e7\u00e3o. Tivemos escavadeiras, retro-escavadeiras, carregadeiras e outros equipamentos que s\u00e3o caracter\u00edsticos de mobiliza\u00e7\u00e3o militar de engenharia. Essas tropas foram empregadas no resgate e aloca\u00e7\u00e3o de pessoas desabrigadas. Tudo com a inten\u00e7\u00e3o de minimizar o sofrimento de milhares de cidad\u00e3os baianos. Tivemos parcerias muito exitosas com a Defesa Civil em Salvador. E o mais importante \u00e9 o fortalecimento das institui\u00e7\u00f5es. Porque na realidade, \u00e9 o interc\u00e2mbio que traz oportunidades de crescimento para ambas as partes. Vou falar agora especificamente da opera\u00e7\u00e3o carro-pipa. N\u00f3s somos um dos atores dessa opera\u00e7\u00e3o. Mas n\u00e3o temos &nbsp;a atribui\u00e7\u00e3o de definir os munic\u00edpios que ser\u00e3o efetivamente aquinhoados pelo abastecimento dos nossos carros-pipa. N\u00f3s realizamos, sim, a coordena\u00e7\u00e3o da entrega por interm\u00e9dio dos pipeiros. N\u00f3s temos uma fiscaliza\u00e7\u00e3o muito intensa para ter certeza que o servi\u00e7o est\u00e1 sendo realizado, porque nosso compromisso maior \u00e9 com a popula\u00e7\u00e3o. A participa\u00e7\u00e3o do Ex\u00e9rcito nessa opera\u00e7\u00e3o carro-pipa vem de uma a\u00e7\u00e3o que perdura por mais de 20 anos. Por que ser\u00e1? Compromisso pela confiabilidade que n\u00f3s temos enquanto institui\u00e7\u00e3o. E pelo compromisso que temos com a sociedade.<\/p>\n\n\n\n<p><strong>Ainda&nbsp; falando em parcerias, sei tamb\u00e9m que a 6\u00aa Regi\u00e3o Militar desenvolve a\u00e7\u00f5es na \u00e1rea cultural&#8230;<\/strong><\/p>\n\n\n\n<p>Quando voc\u00ea conhece Salvador e tem a oportunidade de retornar, como \u00e9 meu caso agora, \u00e0 frente de um grande comando administrativo, fica mais facilitada \u00e0 parceria em rela\u00e7\u00e3o aos aspectos da cultura. A cultura \u00e9 rica, esplendorosa. Em todos os cantos que passamos n\u00f3s encontramos vest\u00edgios ou materializa\u00e7\u00e3o da hist\u00f3ria atrav\u00e9s da cultura. Temos algumas parcerias em andamento com a prefeitura de Salvador, muito significativas e exitosas, particularmente pela quest\u00e3o do interc\u00e2mbio. H\u00e1 ganhos para ambas as institui\u00e7\u00f5es. A\u00ed destaco o Forte de Santa Maria e o Forte de S\u00e3o Diogo. E n\u00f3s temos &nbsp;a inten\u00e7\u00e3o de estender essa parceria para o Forte de Monte Serrat. O p\u00f4r-do-sol no Farol da Barra \u00e9 maravilhoso. J\u00e1 se tornou um cart\u00e3o-postal para os turistas que visitam Salvador. Mas arrisco a falar que o p\u00f4r-do-sol no Forte Monte Serrat, que \u00e9 controlado por n\u00f3s, \u00e9 t\u00e3o belo&nbsp;e atrativo. Dito isso, fa\u00e7o o convite para sentarmos e conversarmos com institui\u00e7\u00f5es para viabilizarmos outras parcerias em rela\u00e7\u00e3o a essas fortalezas, em particular o Forte de Monte Serrat.<\/p>\n\n\n\n<p><strong>O senhor iniciou sua gest\u00e3o agora em dezembro. Quais s\u00e3o os maiores desafios do senhor \u00e0 frente do Comando da 6\u00aa Regi\u00e3o Militar?<\/strong><\/p>\n\n\n\n<p>O&nbsp; pr\u00f3prio exerc\u00edcio do cargo de comando \u00e9 um grande desafio, mas temos alguns compromissos. Primeiro o de dar continuidade ao trabalho de excel\u00eancia realizado por meu amigo, General Marcelo Guedon, a quem tenho muito apre\u00e7o e tive oportunidade de trabalhar em diversas oportunidades. Poderia falar tamb\u00e9m do fato de ter iniciado minha carreira profissional aqui em Salvador, ap\u00f3s minha forma\u00e7\u00e3o na Academia. Isso me d\u00e1 uma responsabilidade muito grande porque sei que, na cidade, h\u00e1 in\u00fameras pessoas \u2013 &nbsp;ex-subordinados, sargentos, soldados, amigos constitu\u00eddos naquele per\u00edodo \u2013 que de certa forma depositam em mim uma esperan\u00e7a muito grande. Eu tenho hoje no quadro de oficiais, ainda que na reserva,&nbsp; coron\u00e9is que foram meus orientadores quando cheguei aqui como aspirante a oficial. Tenho responsabilidade tamb\u00e9m com essas pessoas. E minha responsabilidade com a institui\u00e7\u00e3o que me confiou o cargo de comandante da 6\u00aa Regi\u00e3o Militar. Mas tenho convic\u00e7\u00e3o que tudo isso vai acontecer de maneira muito natural como todas as miss\u00f5es que desempenhei ao longo da vida. Mas diria que meu maior desafio \u00e9 continuar cumprindo esta miss\u00e3o de comandante exatamente da mesma forma que cumpri as anteriores, mas naturalmente com uma responsabilidade muito maior.<\/p>\n\n\n\n<p><strong>Ao assumir o comando da 6\u00aa Regi\u00e3o, o senhor volta a morar em Salvador depois de 31 anos, terra natal de sua esposa. Como foi esse retorno e qual a rela\u00e7\u00e3o do senhor com Salvador e a Bahia?<\/strong><\/p>\n\n\n\n<p>Voc\u00ea tocou num aspecto interessante. Uma brincadeira que existe na caserna \u00e9 que a esposa do militar est\u00e1 sempre a um posto ou uma gradua\u00e7\u00e3o acima. Ent\u00e3o, minha esposa \u00e9 mais antiga do que eu. A fam\u00edlia do militar de maneira geral sofre algumas consequ\u00eancias em raz\u00e3o de nossas movimenta\u00e7\u00f5es que s\u00e3o permanentes. N\u00e3o vou falar em preju\u00edzo, mas em situa\u00e7\u00f5es que, de certa forma, trazem algum desconforto. Nossos filhos, por exemplo, mudam o tempo todo de estabelecimento de ensino e isso compromete substancialmente a continuidade das atividades de ensino. Falando especificamente de minha esposa, que conheci aqui em 1992. Ela saiu de Salvador para a Academia Militar das Agulhas Negras (Rio de Janeiro), onde fui instrutor. Voltei em 1996 para casar na Igreja do Bonfim. Retirei uma cidad\u00e3 soteropolitana de Salvador, e depois ela nunca mais voltou a cidade para morar. Ent\u00e3o, voc\u00ea imagina a satisfa\u00e7\u00e3o, depois de tanto tempo, de voltar para a cidade, para cultura dela e muito particularmente para o ber\u00e7o da fam\u00edlia. \u00c9 um momento de muita felicidade familiar e naturalmente tem um impacto direto no desempenho profissional. Se j\u00e1 sou muito feliz e realizado profissionalmente, esse retorno para&nbsp; mim, pelo momento familiar, n\u00e3o tenha d\u00favida que \u00e9 um total alinhamento dos astros. Tem tudo para contribuir no meu desempenho \u00e0 frente do Comando da 6\u00aa Regi\u00e3o Militar.<\/p>\n\n\n\n<p><strong>Existem dois estabelecimentos de ensino do Ex\u00e9rcito na cidade \u2013 o Col\u00e9gio Militar de Salvador e a Escola de Sa\u00fade Forma\u00e7\u00e3o Complementar do Ex\u00e9rcito. Os resultados das unidades s\u00e3o satisfat\u00f3rios?<\/strong><\/p>\n\n\n\n<p>Eu n\u00e3o fui oriundo do col\u00e9gio militar, &nbsp;o que n\u00e3o aconteceu com os meus filhos. Meus dois filhos mais velhos estudaram no col\u00e9gio militar. Eu vou passar algumas informa\u00e7\u00f5es para descortinar as possibilidades para aqueles pais que, assim como os meus, n\u00e3o tinham conhecimento sobre o col\u00e9gio militar. At\u00e9 para saberem que existe uma possibilidade de acesso. O nosso Col\u00e9gio Militar de Salvador \u00e9 uma refer\u00eancia no \u00e2mbito da For\u00e7a e \u00e9 uma refer\u00eancia em rela\u00e7\u00e3o ao ensino p\u00fablico, n\u00e3o s\u00f3 da Bahia, mas do Brasil. Gostaria de destacar, por exemplo, que em 2022 a taxa de fracasso escolar no Col\u00e9gio Militar de Salvador girou em torno de 1%. Em 2023, nem 1%. Na premia\u00e7\u00e3o de qualidade do sistema col\u00e9gio militar do Brasil, ele recebeu &nbsp;o Trof\u00e9u Thomaz Coelho em 2022 e 2023 por ser o primeiro colocado entre os 15 col\u00e9gios militares. H\u00e1 de se destacar tamb\u00e9m que, na prova centralizada do Ensino Fundamental, obteve a segunda coloca\u00e7\u00e3o. Ficou em quarto na prova centralizada do Ensino M\u00e9dio. Em rela\u00e7\u00e3o ao \u00cdndice de Desenvolvimento do Ensino B\u00e1sico, o Ideb, nosso Col\u00e9gio Militar de Salvador&nbsp; obteve a m\u00e9dia de 6,8. Foi o primeiro lugar na Bahia e ficou em segundo no sistema de col\u00e9gios militares do Brasil. \u00c9 d\u00e9cimo lugar entre as escolas p\u00fablicas de todo o Brasil. No que tange ao Enem, obteve a m\u00e9dia de 651.3. Foi a primeira escola p\u00fablica do estado da Bahia. Fa\u00e7o destaque &nbsp;em rela\u00e7\u00e3o as olimp\u00edadas de conhecimento, com 455 condecora\u00e7\u00f5es em 2022. Em 2023 n\u00f3s j\u00e1 temos um escore parcial com 478 premia\u00e7\u00f5es. A\u00ed pergunto: qual pai, qual m\u00e3e n\u00e3o buscaria ter o filho num estabelecimento de ensino com essas refer\u00eancias? Tudo isso tem sido poss\u00edvel, n\u00e3o s\u00f3 pelo comprometimento do corpo docente e discente, mas muito particular pelas parcerias que t\u00eam sido realizadas com outros estabelecimentos de ensino daqui de Salvador. Este interc\u00e2mbio tem sido fundamental para a obten\u00e7\u00e3o desses \u00edndices. Para os pais e respons\u00e1veis, que est\u00e3o lendo, podem ter certeza. Existe a possibilidade de ter acesso atrav\u00e9s de processo seletivo p\u00fablico e outras informa\u00e7\u00f5es podem ser obtidas no Col\u00e9gio Militar ou ainda aqui por interm\u00e9dio do Comando da 6\u00aa Regi\u00e3o. Sobre a Escola de Sa\u00fade Forma\u00e7\u00e3o Complementar do Ex\u00e9rcito, gostaria de destacar que ela \u00e9 a \u00fanica Escola de forma\u00e7\u00e3o de oficiais no Nordeste com essa caracter\u00edstica. Ela \u00e9 uma jun\u00e7\u00e3o da antiga escola de sa\u00fade, que estava situada no Rio de Janeiro, com a escola de forma\u00e7\u00e3o complementar do Ex\u00e9rcito que j\u00e1 existia aqui na capital soteropolitana. Alguns dados importantes sobre essa escola. Ele formou recentemente 110 novos oficiais de carreira recentemente, sendo 48 m\u00e9dicos, cinco dentistas, 10 farmac\u00eauticos, tr\u00eas capel\u00e3es militares e 44 integrantes do quadro complementar de oficiais. Para este ano, h\u00e1 a meta de superar esses n\u00fameros que acabei de destacar.<\/p>\n\n\n\n<p><strong>Na \u00e1rea da sa\u00fade, o Ex\u00e9rcito vem trabalhando na reforma e amplia\u00e7\u00e3o do Hospital Militar. Como est\u00e1 este trabalho?<\/strong><\/p>\n\n\n\n<p>De fato a For\u00e7a vem realizando um grande investimento na revitaliza\u00e7\u00e3o do Hospital Geral de Salvador, que \u00e9 uma organiza\u00e7\u00e3o militar de sa\u00fade centen\u00e1ria. Esta organiza\u00e7\u00e3o militar de sa\u00fade tem sua origem na antiga enfermaria dos Jesu\u00edtas, em 04 de outubro de 1799, no ent\u00e3o Hospital da Cidade, situado no Terreiro de Jesus. L\u00e1 funcionou tamb\u00e9m a primeira escola de medicina do Brasil. Foi denominada Escola de Cirurgia da Bahia at\u00e9 a aquisi\u00e7\u00e3o do Solar do Bar\u00e3o do Castro Neves, no Alto das Pitangueiras, em Brotas, onde nosso Hospital Geral de Salvador est\u00e1 at\u00e9 hoje. Esse hospital atende pacientes da Bahia e tamb\u00e9m de Sergipe. S\u00e3o servidores civis do Ex\u00e9rcito, militares da ativa, veteranos, pensionistas, ex-combatentes da For\u00e7a Expedicion\u00e1ria Brasileira e milhares de jovens recrutas, normalmente oriundos de comunidades carentes, o que de certa forma tamb\u00e9m desonera o Sistema \u00danico de Sa\u00fade. Essa grande reforma de adequa\u00e7\u00e3o e amplia\u00e7\u00e3o das instala\u00e7\u00f5es prev\u00ea a constru\u00e7\u00e3o de um novo edif\u00edcio hospitalar, que chamamos de edif\u00edcio-\u00e2ncora, e ter\u00e1 adequa\u00e7\u00f5es e revitaliza\u00e7\u00e3o daquelas instala\u00e7\u00f5es que s\u00e3o mais antigas. Tudo em conson\u00e2ncia com normas de sustentabilidade e preserva\u00e7\u00e3o do meio ambiente.<\/p>\n\n\n\n<p><strong>Para concluir general, o senhor vem de origem humilde. Queria que o senhor falasse um pouco da import\u00e2ncia da fam\u00edlia do senhor para chegar onde chegou?<\/strong><\/p>\n\n\n\n<p>Fala-se muito da origem do comandante da 6\u00aa Regi\u00e3o Militar. Minha origem realmente \u00e9 muito humilde, naturalmente com valores e educa\u00e7\u00e3o eivada em princ\u00edpios muito basilares. Ele era um assalariado, oriundo do Rio de janeiro, tamb\u00e9m cidade de minha m\u00e3e. E realmente ele s\u00f3 sabia escrever o nome dele e mais nada. Minha m\u00e3e estudou um pouquinho. Mas \u00a0esse pouquinho mais \u00e9 at\u00e9 a antiga segunda s\u00e9rie do terceiro ano. Mas isso de maneira nenhuma teve o comprometimento da educa\u00e7\u00e3o familiar minha e de uma irm\u00e3 que ainda reside no local de minhas origens. Respondendo objetivamente: a minha educa\u00e7\u00e3o, apesar da simplicidade dos meus pais, foi uma educa\u00e7\u00e3o cartesiana, eivada de princ\u00edpios, que s\u00f3 veio encontrar uma total uni\u00e3o com os valores, os princ\u00edpios e a \u00e9tica militar. Aproveito para fazer um destaque: o Ex\u00e9rcito brasileiro, a institui\u00e7\u00e3o, a quem devo quase tudo, mas n\u00e3o veio nada de gr\u00e1tis, porque tenho meus m\u00e9ritos pr\u00f3prios, mas ela me abra\u00e7ou, me deu oportunidade, que dificilmente teria em outra institui\u00e7\u00e3o. N\u00e3o perguntou de onde eu vinha, n\u00e3o perguntou a origem dos meus pais, a minha religi\u00e3o. Simplesmente como acontece com todos os integrantes do Ex\u00e9rcito brasileiro, identificou em mim , m\u00e9ritos e permitiu me tornar a situa\u00e7\u00e3o de oficial general comandando hoje uma regi\u00e3o militar da grandeza e da estatura da nossa Regi\u00e3o Marechal Cantu\u00e1ria.<\/p>\n\n\n\n<p>Fonte: A Tarde <\/p>\n","protected":false},"excerpt":{"rendered":"<p>O novo comandante da 6\u00aa Regi\u00e3o Militar, o general\u00a0Andr\u00e9 Luiz Aguiar Ribeiro volta a morar em Salvador depois de 30 anos e com uma s\u00e9rie de desafios pela frente. Dentre eles est\u00e1 o de manter o esp\u00edrito funcional, a proatividade e o bem-estar dos integrantes do Ex\u00e9rcito. \u201cN\u00f3s temos um p\u00fablico interno constitu\u00eddo por oficiais, [&hellip;]<\/p>\n","protected":false},"author":2,"featured_media":7180,"comment_status":"open","ping_status":"open","sticky":false,"template":"","format":"standard","meta":{"footnotes":""},"categories":[85],"tags":[],"class_list":["post-7179","post","type-post","status-publish","format-standard","has-post-thumbnail","hentry","category-noticias"],"_links":{"self":[{"href":"https:\/\/suburbionoar.com.br\/index.php\/wp-json\/wp\/v2\/posts\/7179","targetHints":{"allow":["GET"]}}],"collection":[{"href":"https:\/\/suburbionoar.com.br\/index.php\/wp-json\/wp\/v2\/posts"}],"about":[{"href":"https:\/\/suburbionoar.com.br\/index.php\/wp-json\/wp\/v2\/types\/post"}],"author":[{"embeddable":true,"href":"https:\/\/suburbionoar.com.br\/index.php\/wp-json\/wp\/v2\/users\/2"}],"replies":[{"embeddable":true,"href":"https:\/\/suburbionoar.com.br\/index.php\/wp-json\/wp\/v2\/comments?post=7179"}],"version-history":[{"count":1,"href":"https:\/\/suburbionoar.com.br\/index.php\/wp-json\/wp\/v2\/posts\/7179\/revisions"}],"predecessor-version":[{"id":7181,"href":"https:\/\/suburbionoar.com.br\/index.php\/wp-json\/wp\/v2\/posts\/7179\/revisions\/7181"}],"wp:featuredmedia":[{"embeddable":true,"href":"https:\/\/suburbionoar.com.br\/index.php\/wp-json\/wp\/v2\/media\/7180"}],"wp:attachment":[{"href":"https:\/\/suburbionoar.com.br\/index.php\/wp-json\/wp\/v2\/media?parent=7179"}],"wp:term":[{"taxonomy":"category","embeddable":true,"href":"https:\/\/suburbionoar.com.br\/index.php\/wp-json\/wp\/v2\/categories?post=7179"},{"taxonomy":"post_tag","embeddable":true,"href":"https:\/\/suburbionoar.com.br\/index.php\/wp-json\/wp\/v2\/tags?post=7179"}],"curies":[{"name":"wp","href":"https:\/\/api.w.org\/{rel}","templated":true}]}}