{"id":7162,"date":"2024-01-15T10:01:31","date_gmt":"2024-01-15T13:01:31","guid":{"rendered":"https:\/\/suburbionoar.com.br\/?p=7162"},"modified":"2024-01-15T10:01:33","modified_gmt":"2024-01-15T13:01:33","slug":"carro-fica-destruido-apos-pegar-fogo-na-avenida-magalhaes-neto","status":"publish","type":"post","link":"https:\/\/suburbionoar.com.br\/index.php\/2024\/01\/15\/carro-fica-destruido-apos-pegar-fogo-na-avenida-magalhaes-neto\/","title":{"rendered":"Carro fica destru\u00eddo ap\u00f3s pegar fogo na Avenida Magalh\u00e3es Neto"},"content":{"rendered":"\n<p>Um carro ficou destru\u00eddo ap\u00f3s pegar fogo na Avenida Magalh\u00e3es Neto, na manh\u00e3 deste s\u00e1bado (13). A Superintend\u00eancia de Tr\u00e2nsito do Salvador (Transalvador) informou que a ocorr\u00eancia foi registrada pr\u00f3ximo \u00e0 localidade conhecida como Inferninho.<\/p>\n\n\n\n<p>At\u00e9 o momento, n\u00e3o h\u00e1 informa\u00e7\u00f5es sobre o que teria causado o inc\u00eandio. N\u00e3o houve v\u00edtimas.<\/p>\n\n\n\n<p>Ainda segundo a Transalvador, o tr\u00e1fego na regi\u00e3o n\u00e3o foi afetado.&nbsp;<\/p>\n\n\n\n<p>Fonte: Varela Net <\/p>\n","protected":false},"excerpt":{"rendered":"<p>Um carro ficou destru\u00eddo ap\u00f3s pegar fogo na Avenida Magalh\u00e3es Neto, na manh\u00e3 deste s\u00e1bado (13). A Superintend\u00eancia de Tr\u00e2nsito do Salvador (Transalvador) informou que a ocorr\u00eancia foi registrada pr\u00f3ximo \u00e0 localidade conhecida como Inferninho. At\u00e9 o momento, n\u00e3o h\u00e1 informa\u00e7\u00f5es sobre o que teria causado o inc\u00eandio. N\u00e3o houve v\u00edtimas. Ainda segundo a Transalvador, [&hellip;]<\/p>\n","protected":false},"author":2,"featured_media":7163,"comment_status":"open","ping_status":"open","sticky":false,"template":"","format":"standard","meta":{"footnotes":""},"categories":[85],"tags":[],"class_list":["post-7162","post","type-post","status-publish","format-standard","has-post-thumbnail","hentry","category-noticias"],"_links":{"self":[{"href":"https:\/\/suburbionoar.com.br\/index.php\/wp-json\/wp\/v2\/posts\/7162","targetHints":{"allow":["GET"]}}],"collection":[{"href":"https:\/\/suburbionoar.com.br\/index.php\/wp-json\/wp\/v2\/posts"}],"about":[{"href":"https:\/\/suburbionoar.com.br\/index.php\/wp-json\/wp\/v2\/types\/post"}],"author":[{"embeddable":true,"href":"https:\/\/suburbionoar.com.br\/index.php\/wp-json\/wp\/v2\/users\/2"}],"replies":[{"embeddable":true,"href":"https:\/\/suburbionoar.com.br\/index.php\/wp-json\/wp\/v2\/comments?post=7162"}],"version-history":[{"count":1,"href":"https:\/\/suburbionoar.com.br\/index.php\/wp-json\/wp\/v2\/posts\/7162\/revisions"}],"predecessor-version":[{"id":7164,"href":"https:\/\/suburbionoar.com.br\/index.php\/wp-json\/wp\/v2\/posts\/7162\/revisions\/7164"}],"wp:featuredmedia":[{"embeddable":true,"href":"https:\/\/suburbionoar.com.br\/index.php\/wp-json\/wp\/v2\/media\/7163"}],"wp:attachment":[{"href":"https:\/\/suburbionoar.com.br\/index.php\/wp-json\/wp\/v2\/media?parent=7162"}],"wp:term":[{"taxonomy":"category","embeddable":true,"href":"https:\/\/suburbionoar.com.br\/index.php\/wp-json\/wp\/v2\/categories?post=7162"},{"taxonomy":"post_tag","embeddable":true,"href":"https:\/\/suburbionoar.com.br\/index.php\/wp-json\/wp\/v2\/tags?post=7162"}],"curies":[{"name":"wp","href":"https:\/\/api.w.org\/{rel}","templated":true}]}}