{"id":7138,"date":"2024-01-10T15:22:29","date_gmt":"2024-01-10T18:22:29","guid":{"rendered":"https:\/\/suburbionoar.com.br\/?p=7138"},"modified":"2024-01-10T15:22:31","modified_gmt":"2024-01-10T18:22:31","slug":"coren-ba-anuncia-mudancas-e-planejamentos-para-nova-gestao","status":"publish","type":"post","link":"https:\/\/suburbionoar.com.br\/index.php\/2024\/01\/10\/coren-ba-anuncia-mudancas-e-planejamentos-para-nova-gestao\/","title":{"rendered":"Coren-BA anuncia mudan\u00e7as e planejamentos para nova gest\u00e3o"},"content":{"rendered":"\n<p>O Conselho Regional de Enfermagem da Bahia (Coren-BA) anunciou mudan\u00e7as para a gest\u00e3o do novo presidente rec\u00e9m-empossado, Davi Ap\u00f3stolo. O comunicado destaca a vis\u00e3o da nova gest\u00e3o e as estrat\u00e9gias planejadas para a \u00e1rea da enfermagem no estado.<\/p>\n\n\n\n<p>Frente \u00e0 urg\u00eancia de reverter as perdas salariais ap\u00f3s a decis\u00e3o do STF, o presidente destacou a import\u00e2ncia da uni\u00e3o com entidades representativas e parlamentares. O compromisso da institui\u00e7\u00e3o em melhorar o atendimento, facilitar o acesso aos servi\u00e7os e fortalecer a fiscaliza\u00e7\u00e3o para garantir a seguran\u00e7a dos pacientes \u00e9 enfatizado.<\/p>\n\n\n\n<p>Entre as iniciativas planejadas, Ap\u00f3stolo refor\u00e7ou tamb\u00e9m a inten\u00e7\u00e3o de transformar o Coren-BA em refer\u00eancia nacional, com expans\u00e3o do atendimento para o interior do estado, investimentos em tecnologia da informa\u00e7\u00e3o para facilitar o acesso aos servi\u00e7os e a introdu\u00e7\u00e3o do programa de anuidade zero por meio de parcerias estrat\u00e9gicas e uma pol\u00edtica de cashback.<\/p>\n\n\n\n<p>Al\u00e9m disso, foi revelado o objetivo de criar o Departamento de Valoriza\u00e7\u00e3o Profissional da Enfermagem, destinado a promover a\u00e7\u00f5es biopsicossociais para o bem-estar f\u00edsico e mental dos profissionais. Outras iniciativas incluem a capacita\u00e7\u00e3o cont\u00ednua em diversas \u00e1reas do conhecimento, o est\u00edmulo ao empreendedorismo e a implementa\u00e7\u00e3o de energia limpa em toda a estrutura do Coren-BA, com a renova\u00e7\u00e3o da frota de ve\u00edculos por carros el\u00e9tricos.<\/p>\n\n\n\n<p>Quanto ao desafio do piso salarial na enfermagem, Ap\u00f3stolo manifesta a preocupa\u00e7\u00e3o do Coren-BA com as prefeituras n\u00e3o cumpridoras, prometendo a\u00e7\u00e3o judicial e intensifica\u00e7\u00e3o na fiscaliza\u00e7\u00e3o.<\/p>\n\n\n\n<p>COREN-BA<\/p>\n\n\n\n<p>O Conselho Regional de Enfermagem da Bahia (Coren-BA) \u00e9 uma autarquia federal que tem como miss\u00e3o normatizar e fiscalizar o exerc\u00edcio profissional da Enfermagem na Bahia, promovendo a valoriza\u00e7\u00e3o e qualidade dos servi\u00e7os prestados por esses profissionais.<\/p>\n\n\n\n<p>Fonte: Bahia Not\u00edcias <\/p>\n","protected":false},"excerpt":{"rendered":"<p>O Conselho Regional de Enfermagem da Bahia (Coren-BA) anunciou mudan\u00e7as para a gest\u00e3o do novo presidente rec\u00e9m-empossado, Davi Ap\u00f3stolo. O comunicado destaca a vis\u00e3o da nova gest\u00e3o e as estrat\u00e9gias planejadas para a \u00e1rea da enfermagem no estado. Frente \u00e0 urg\u00eancia de reverter as perdas salariais ap\u00f3s a decis\u00e3o do STF, o presidente destacou a [&hellip;]<\/p>\n","protected":false},"author":2,"featured_media":7139,"comment_status":"open","ping_status":"open","sticky":false,"template":"","format":"standard","meta":{"footnotes":""},"categories":[94],"tags":[],"class_list":["post-7138","post","type-post","status-publish","format-standard","has-post-thumbnail","hentry","category-saude-2"],"_links":{"self":[{"href":"https:\/\/suburbionoar.com.br\/index.php\/wp-json\/wp\/v2\/posts\/7138","targetHints":{"allow":["GET"]}}],"collection":[{"href":"https:\/\/suburbionoar.com.br\/index.php\/wp-json\/wp\/v2\/posts"}],"about":[{"href":"https:\/\/suburbionoar.com.br\/index.php\/wp-json\/wp\/v2\/types\/post"}],"author":[{"embeddable":true,"href":"https:\/\/suburbionoar.com.br\/index.php\/wp-json\/wp\/v2\/users\/2"}],"replies":[{"embeddable":true,"href":"https:\/\/suburbionoar.com.br\/index.php\/wp-json\/wp\/v2\/comments?post=7138"}],"version-history":[{"count":1,"href":"https:\/\/suburbionoar.com.br\/index.php\/wp-json\/wp\/v2\/posts\/7138\/revisions"}],"predecessor-version":[{"id":7140,"href":"https:\/\/suburbionoar.com.br\/index.php\/wp-json\/wp\/v2\/posts\/7138\/revisions\/7140"}],"wp:featuredmedia":[{"embeddable":true,"href":"https:\/\/suburbionoar.com.br\/index.php\/wp-json\/wp\/v2\/media\/7139"}],"wp:attachment":[{"href":"https:\/\/suburbionoar.com.br\/index.php\/wp-json\/wp\/v2\/media?parent=7138"}],"wp:term":[{"taxonomy":"category","embeddable":true,"href":"https:\/\/suburbionoar.com.br\/index.php\/wp-json\/wp\/v2\/categories?post=7138"},{"taxonomy":"post_tag","embeddable":true,"href":"https:\/\/suburbionoar.com.br\/index.php\/wp-json\/wp\/v2\/tags?post=7138"}],"curies":[{"name":"wp","href":"https:\/\/api.w.org\/{rel}","templated":true}]}}