{"id":6994,"date":"2024-01-08T10:40:59","date_gmt":"2024-01-08T13:40:59","guid":{"rendered":"https:\/\/suburbionoar.com.br\/?p=6994"},"modified":"2024-01-08T10:41:01","modified_gmt":"2024-01-08T13:41:01","slug":"kleber-rosa-mostra-otimismo-para-campanha-do-psol-em-salvador-ambiente-politico-favoravel","status":"publish","type":"post","link":"https:\/\/suburbionoar.com.br\/index.php\/2024\/01\/08\/kleber-rosa-mostra-otimismo-para-campanha-do-psol-em-salvador-ambiente-politico-favoravel\/","title":{"rendered":"Kleber Rosa mostra otimismo para campanha do PSOL em Salvador: &#8220;Ambiente pol\u00edtico favor\u00e1vel&#8221;"},"content":{"rendered":"\n<p>Com a pr\u00e9-candidatura \u00e0 prefeitura de Salvador\u00a0confirmada antes mesmo da virada do ano, Kleber Rosa tem mostrado confian\u00e7a para a campanha do PSOL na capital baiana. Questionado se em 2024 o partido pode fazer uma &#8220;campanha hist\u00f3rica&#8221;, ele avalia que o ambiente pol\u00edtico \u00e9 favor\u00e1vel.<\/p>\n\n\n\n<p>&#8220;Eu acho que sim, eu acho que a combina\u00e7\u00e3o de situa\u00e7\u00f5es abre um espa\u00e7o significativo para a gente, e eu acredito que o pessoal tem tudo para fazer a melhor campanha do ponto de vista da express\u00e3o, do ponto de vista da possibilidade de dialogar com a popula\u00e7\u00e3o e ter a aten\u00e7\u00e3o da popula\u00e7\u00e3o. A nossa expectativa \u00e9 grande, n\u00f3s estamos animados com o ambiente pol\u00edtico favor\u00e1vel e vamos fazer um debate muito s\u00e9rio sobre a cidade, vamos apresentar um projeto s\u00e9rio para mostrar que n\u00f3s podemos dirigir a nossa cidade e somos capazes de fazer uma transforma\u00e7\u00e3o que atenda o nosso povo&#8221;, disse em entrevista ao Bahia Not\u00edcias na manh\u00e3 desta segunda-feira (8).<\/p>\n\n\n\n<p>O PSOL tamb\u00e9m j\u00e1 definiu o nome de Dona Mira para o posto de vice na disputa em Salvador. &#8220;O partido j\u00e1 fechou a pr\u00e9-candidatura titular e a vice. A nossa vice \u00e9 Dona Mira, que \u00e9 uma militante do Movimento Sem Teto. Isso, inclusive, mostra com que perfil n\u00f3s queremos dialogar, n\u00f3s queremos tratar de quest\u00f5es que s\u00e3o sens\u00edveis para a popula\u00e7\u00e3o&#8221;, acrescentou Rosa.<\/p>\n\n\n\n<p>Sobre uma eventual composi\u00e7\u00e3o com outros partidos, o pr\u00e9-candidato garante que o PSOL vai manter di\u00e1logos com siglas que j\u00e1 possuem proximidade.<\/p>\n\n\n\n<p>&#8220;A gente tem a federa\u00e7\u00e3o com a Rede, a gente vai dialogar com a UP, n\u00f3s vamos dialogar com o PCB, ent\u00e3o vamos tentar ampliar a correla\u00e7\u00e3o partid\u00e1ria que se disp\u00f5e a vir com a gente, considerando aqueles que ainda podem vir, porque os partidos tamb\u00e9m est\u00e3o amarrados na federa\u00e7\u00e3o&#8221;, finalizou.<\/p>\n\n\n\n<p>FUGA DE VOTOS?<br>No final do ano passado, ainda no per\u00edodo de indefini\u00e7\u00e3o sobre a candidatura de oposi\u00e7\u00e3o em Salvador, o Bahia Not\u00edcias mostrou que algumas &#8220;teses&#8221; surgiam entre os pol\u00edticos. De acordo com mandat\u00e1rios que ocupam a federa\u00e7\u00e3o formada por PT, PCdoB e PV, a\u00a0aus\u00eancia de nomes com tra\u00e7os ideol\u00f3gicos\u00a0na disputa pela prefeitura pode gerar o refor\u00e7o de outras legendas.<\/p>\n\n\n\n<p>A avalia\u00e7\u00e3o de vereadores com mandato e postulantes pelo grupo partid\u00e1rio \u00e9 de que o movimento de n\u00e3o ter &#8220;candidatos de esquerda&#8221;, propicie o refor\u00e7o na bancada do PSOL na C\u00e2mara soteropolitana. Ao Bahia Not\u00edcias, eles sugeriram que o movimento se daria por conta do &#8220;voto ideol\u00f3gico&#8221; ligado \u00e0 esquerda, al\u00e9m do conhecido &#8220;voto de legenda&#8221;, que seria refor\u00e7ado pela candidatura do PSOL na capital. \u00a0https:\/\/www.bahianoticias.com.br\/noticia\/285815-vereadores-da-federacao-pt-pcdob-pv-em-salvador-alertam-para-possivel-fuga-de-votos-para-psol<\/p>\n\n\n\n<p>Fonte: Bahia Not\u00edcias <\/p>\n","protected":false},"excerpt":{"rendered":"<p>Com a pr\u00e9-candidatura \u00e0 prefeitura de Salvador\u00a0confirmada antes mesmo da virada do ano, Kleber Rosa tem mostrado confian\u00e7a para a campanha do PSOL na capital baiana. Questionado se em 2024 o partido pode fazer uma &#8220;campanha hist\u00f3rica&#8221;, ele avalia que o ambiente pol\u00edtico \u00e9 favor\u00e1vel. &#8220;Eu acho que sim, eu acho que a combina\u00e7\u00e3o de [&hellip;]<\/p>\n","protected":false},"author":2,"featured_media":6995,"comment_status":"open","ping_status":"open","sticky":false,"template":"","format":"standard","meta":{"footnotes":""},"categories":[91],"tags":[],"class_list":["post-6994","post","type-post","status-publish","format-standard","has-post-thumbnail","hentry","category-politica"],"_links":{"self":[{"href":"https:\/\/suburbionoar.com.br\/index.php\/wp-json\/wp\/v2\/posts\/6994","targetHints":{"allow":["GET"]}}],"collection":[{"href":"https:\/\/suburbionoar.com.br\/index.php\/wp-json\/wp\/v2\/posts"}],"about":[{"href":"https:\/\/suburbionoar.com.br\/index.php\/wp-json\/wp\/v2\/types\/post"}],"author":[{"embeddable":true,"href":"https:\/\/suburbionoar.com.br\/index.php\/wp-json\/wp\/v2\/users\/2"}],"replies":[{"embeddable":true,"href":"https:\/\/suburbionoar.com.br\/index.php\/wp-json\/wp\/v2\/comments?post=6994"}],"version-history":[{"count":1,"href":"https:\/\/suburbionoar.com.br\/index.php\/wp-json\/wp\/v2\/posts\/6994\/revisions"}],"predecessor-version":[{"id":6996,"href":"https:\/\/suburbionoar.com.br\/index.php\/wp-json\/wp\/v2\/posts\/6994\/revisions\/6996"}],"wp:featuredmedia":[{"embeddable":true,"href":"https:\/\/suburbionoar.com.br\/index.php\/wp-json\/wp\/v2\/media\/6995"}],"wp:attachment":[{"href":"https:\/\/suburbionoar.com.br\/index.php\/wp-json\/wp\/v2\/media?parent=6994"}],"wp:term":[{"taxonomy":"category","embeddable":true,"href":"https:\/\/suburbionoar.com.br\/index.php\/wp-json\/wp\/v2\/categories?post=6994"},{"taxonomy":"post_tag","embeddable":true,"href":"https:\/\/suburbionoar.com.br\/index.php\/wp-json\/wp\/v2\/tags?post=6994"}],"curies":[{"name":"wp","href":"https:\/\/api.w.org\/{rel}","templated":true}]}}