{"id":6902,"date":"2023-12-20T14:41:44","date_gmt":"2023-12-20T17:41:44","guid":{"rendered":"https:\/\/suburbionoar.com.br\/?p=6902"},"modified":"2023-12-20T14:41:46","modified_gmt":"2023-12-20T17:41:46","slug":"neojiba-realiza-concerto-gratuito-no-campo-grande-em-salvador","status":"publish","type":"post","link":"https:\/\/suburbionoar.com.br\/index.php\/2023\/12\/20\/neojiba-realiza-concerto-gratuito-no-campo-grande-em-salvador\/","title":{"rendered":"NEOJIBA realiza concerto gratuito no Campo Grande, em Salvador"},"content":{"rendered":"\n<p>O NEOJIBA vai encerrar a temporada de apresenta\u00e7\u00f5es de 2023 com um concerto gratuito nessa quinta-feira (21), \u00e0s 19h, no Campo Grande, em\u00a0Salvador.<\/p>\n\n\n\n<figure class=\"wp-block-image\"><img decoding=\"async\" src=\"https:\/\/cdn.ibahia.com\/img\/inline\/310000\/500x300\/NEOJIBA-realiza-concerto-gratuito-no-Campo-Grande-0031115200202312201325-6.webp?fallback=https%3A%2F%2Fcdn.ibahia.com%2Fimg%2Finline%2F310000%2FNEOJIBA-realiza-concerto-gratuito-no-Campo-Grande-0031115200202312201325.png%3Fxid%3D1462571&amp;xid=1462571\" alt=\"\n\t\t\t\t\n\t\t\t\t\tNEOJIBA realiza concerto gratuito no Campo Grande, em Salvador\n\t\t\t\t\n\t\t\t\t\"\/><\/figure>\n\n\n\n<p>Com\u00a0a reg\u00eancia do maestro e violinista Cl\u00e1udio Cruz, a\u00a0orquestra\u00a0vai apresentar a &#8220;Sinfonia das sinfonias&#8221;, uma das principais obras de Ludwig van Beethoven.<\/p>\n\n\n\n<p>A &#8220;Sinfonia n\u00ba 9 Coral&#8221;&nbsp;ser\u00e1 interpretada pela Orquestra e Coros Juvenil, Infantojuvenil e Comunit\u00e1rio do NEOJIBA, e contar\u00e1 com solos de Irma Ferreira (soprano), Maria Fernanda Cardoso (mezzo-soprano), Carlos Eduardo Santos (tenor) e Andrey Mira (baixo).<\/p>\n\n\n\n<p>O concerto encerra as apresenta\u00e7\u00f5es anuais do NEOJIBA em 2023 e faz parte das a\u00e7\u00f5es da quinta edi\u00e7\u00e3o do Festival Encanta, e tamb\u00e9m finaliza o evento iniciado em 6 de novembro.<\/p>\n\n\n\n<p>Servi\u00e7o<\/p>\n\n\n\n<p>Concerto &#8220;Beethoven Sinfonia n\u00ba 9 Coral&#8221;<\/p>\n\n\n\n<p>Quando? 21 de dezembro, \u00e0s 19h.<\/p>\n\n\n\n<p>Onde? Igreja Batista Si\u00e3o &#8211; Campo Grande, Salvador.<\/p>\n\n\n\n<p>Quanto? Gratuito<\/p>\n\n\n\n<p>Fonte: iBahia <\/p>\n","protected":false},"excerpt":{"rendered":"<p>O NEOJIBA vai encerrar a temporada de apresenta\u00e7\u00f5es de 2023 com um concerto gratuito nessa quinta-feira (21), \u00e0s 19h, no Campo Grande, em\u00a0Salvador. Com\u00a0a reg\u00eancia do maestro e violinista Cl\u00e1udio Cruz, a\u00a0orquestra\u00a0vai apresentar a &#8220;Sinfonia das sinfonias&#8221;, uma das principais obras de Ludwig van Beethoven. A &#8220;Sinfonia n\u00ba 9 Coral&#8221;&nbsp;ser\u00e1 interpretada pela Orquestra e Coros [&hellip;]<\/p>\n","protected":false},"author":2,"featured_media":6903,"comment_status":"open","ping_status":"open","sticky":false,"template":"","format":"standard","meta":{"footnotes":""},"categories":[88],"tags":[],"class_list":["post-6902","post","type-post","status-publish","format-standard","has-post-thumbnail","hentry","category-musica"],"_links":{"self":[{"href":"https:\/\/suburbionoar.com.br\/index.php\/wp-json\/wp\/v2\/posts\/6902","targetHints":{"allow":["GET"]}}],"collection":[{"href":"https:\/\/suburbionoar.com.br\/index.php\/wp-json\/wp\/v2\/posts"}],"about":[{"href":"https:\/\/suburbionoar.com.br\/index.php\/wp-json\/wp\/v2\/types\/post"}],"author":[{"embeddable":true,"href":"https:\/\/suburbionoar.com.br\/index.php\/wp-json\/wp\/v2\/users\/2"}],"replies":[{"embeddable":true,"href":"https:\/\/suburbionoar.com.br\/index.php\/wp-json\/wp\/v2\/comments?post=6902"}],"version-history":[{"count":1,"href":"https:\/\/suburbionoar.com.br\/index.php\/wp-json\/wp\/v2\/posts\/6902\/revisions"}],"predecessor-version":[{"id":6904,"href":"https:\/\/suburbionoar.com.br\/index.php\/wp-json\/wp\/v2\/posts\/6902\/revisions\/6904"}],"wp:featuredmedia":[{"embeddable":true,"href":"https:\/\/suburbionoar.com.br\/index.php\/wp-json\/wp\/v2\/media\/6903"}],"wp:attachment":[{"href":"https:\/\/suburbionoar.com.br\/index.php\/wp-json\/wp\/v2\/media?parent=6902"}],"wp:term":[{"taxonomy":"category","embeddable":true,"href":"https:\/\/suburbionoar.com.br\/index.php\/wp-json\/wp\/v2\/categories?post=6902"},{"taxonomy":"post_tag","embeddable":true,"href":"https:\/\/suburbionoar.com.br\/index.php\/wp-json\/wp\/v2\/tags?post=6902"}],"curies":[{"name":"wp","href":"https:\/\/api.w.org\/{rel}","templated":true}]}}