{"id":6173,"date":"2023-11-27T14:20:03","date_gmt":"2023-11-27T17:20:03","guid":{"rendered":"https:\/\/suburbionoar.com.br\/?p=6173"},"modified":"2023-11-27T14:20:05","modified_gmt":"2023-11-27T17:20:05","slug":"saude-oferece-vacinas-contra-hepatite-a-varicela-e-hpv-em-unidades-referencias-de-salvador","status":"publish","type":"post","link":"https:\/\/suburbionoar.com.br\/index.php\/2023\/11\/27\/saude-oferece-vacinas-contra-hepatite-a-varicela-e-hpv-em-unidades-referencias-de-salvador\/","title":{"rendered":"Sa\u00fade oferece vacinas contra Hepatite A, Varicela e HPV em unidades refer\u00eancias de Salvador"},"content":{"rendered":"\n<p>As vacinas Hepatite A, Varicela e HPV ser\u00e3o ofertadas a partir desta segunda-feira (26) na cidade de Salvador, em 22 unidades de sa\u00fade. A estrat\u00e9gia tempor\u00e1ria visa otimizar o uso dos imunizantes e direcionar com otimiza\u00e7\u00e3o a popula\u00e7\u00e3o. A interven\u00e7\u00e3o acontece ap\u00f3s a previs\u00e3o de um poss\u00edvel cen\u00e1rio de desabastecimento por parte do Minist\u00e9rio da Sa\u00fade (MS).<\/p>\n\n\n\n<p>Com a operacionaliza\u00e7\u00e3o dessa medida extraordin\u00e1ria, a Secretaria Municipal da Sa\u00fade (SMS) concentrar\u00e1 a distribui\u00e7\u00e3o e oferta racional das vacinas para os soteropolitanos em unidades de refer\u00eancia.<\/p>\n\n\n\n<p>UNIDADES REFER\u00caNCIAS&nbsp;<\/p>\n\n\n\n<p>UBS Ramiro de Azevedo (Campo da P\u00f3lvora); UBS Ministro Alkimin (Massaranduba); UBS Marechal Rondon; UBS Frei Benjamim (Val\u00e9ria); UBS P\u00e9ricles Laranjeiras (18 Centro); UBS Manoel Vitorino (Brotas); UBS Imbu\u00ed; UBS Maria Concei\u00e7\u00e3o Santiago Imbassahy (Pau Mi\u00fado); Multicentro Adriano Pond\u00e9 (Amaralina); UBS Clementino Fraga (5 Centro de Sa\u00fade); UBS Cecy Andrade (Castelo Branco); UBS Pires da Veiga (Pau da Lima); USF Mata Escura; USF Edson Teixeira (Pernambues); UBS Rodrigo Argolo (Tancredo Neves); UBS S\u00e3o Crist\u00f3v\u00e3o; UBS Orlando Imbassahy (Bairro da Paz); UBS Jos\u00e9 Mariane (Itapu\u00e3); UBS Nelson Piauhy Dourado (\u00c1guas Claras); UBS S\u00e9rgio Arouca (Paripe); USF Plataforma; UBS Periperi.<\/p>\n\n\n\n<p>Fonte: Bahia Not\u00edcias <\/p>\n","protected":false},"excerpt":{"rendered":"<p>As vacinas Hepatite A, Varicela e HPV ser\u00e3o ofertadas a partir desta segunda-feira (26) na cidade de Salvador, em 22 unidades de sa\u00fade. A estrat\u00e9gia tempor\u00e1ria visa otimizar o uso dos imunizantes e direcionar com otimiza\u00e7\u00e3o a popula\u00e7\u00e3o. A interven\u00e7\u00e3o acontece ap\u00f3s a previs\u00e3o de um poss\u00edvel cen\u00e1rio de desabastecimento por parte do Minist\u00e9rio da [&hellip;]<\/p>\n","protected":false},"author":2,"featured_media":6174,"comment_status":"open","ping_status":"open","sticky":false,"template":"","format":"standard","meta":{"footnotes":""},"categories":[94],"tags":[],"class_list":["post-6173","post","type-post","status-publish","format-standard","has-post-thumbnail","hentry","category-saude-2"],"_links":{"self":[{"href":"https:\/\/suburbionoar.com.br\/index.php\/wp-json\/wp\/v2\/posts\/6173","targetHints":{"allow":["GET"]}}],"collection":[{"href":"https:\/\/suburbionoar.com.br\/index.php\/wp-json\/wp\/v2\/posts"}],"about":[{"href":"https:\/\/suburbionoar.com.br\/index.php\/wp-json\/wp\/v2\/types\/post"}],"author":[{"embeddable":true,"href":"https:\/\/suburbionoar.com.br\/index.php\/wp-json\/wp\/v2\/users\/2"}],"replies":[{"embeddable":true,"href":"https:\/\/suburbionoar.com.br\/index.php\/wp-json\/wp\/v2\/comments?post=6173"}],"version-history":[{"count":1,"href":"https:\/\/suburbionoar.com.br\/index.php\/wp-json\/wp\/v2\/posts\/6173\/revisions"}],"predecessor-version":[{"id":6175,"href":"https:\/\/suburbionoar.com.br\/index.php\/wp-json\/wp\/v2\/posts\/6173\/revisions\/6175"}],"wp:featuredmedia":[{"embeddable":true,"href":"https:\/\/suburbionoar.com.br\/index.php\/wp-json\/wp\/v2\/media\/6174"}],"wp:attachment":[{"href":"https:\/\/suburbionoar.com.br\/index.php\/wp-json\/wp\/v2\/media?parent=6173"}],"wp:term":[{"taxonomy":"category","embeddable":true,"href":"https:\/\/suburbionoar.com.br\/index.php\/wp-json\/wp\/v2\/categories?post=6173"},{"taxonomy":"post_tag","embeddable":true,"href":"https:\/\/suburbionoar.com.br\/index.php\/wp-json\/wp\/v2\/tags?post=6173"}],"curies":[{"name":"wp","href":"https:\/\/api.w.org\/{rel}","templated":true}]}}