{"id":5823,"date":"2023-11-14T15:22:27","date_gmt":"2023-11-14T18:22:27","guid":{"rendered":"https:\/\/suburbionoar.com.br\/?p=5823"},"modified":"2023-11-14T15:22:29","modified_gmt":"2023-11-14T18:22:29","slug":"grupo-protesta-na-av-sete-de-setembro-devido-ao-aumento-da-passagem-de-onibus-em-salvador","status":"publish","type":"post","link":"https:\/\/suburbionoar.com.br\/index.php\/2023\/11\/14\/grupo-protesta-na-av-sete-de-setembro-devido-ao-aumento-da-passagem-de-onibus-em-salvador\/","title":{"rendered":"Grupo protesta na Av. Sete de Setembro devido ao aumento da passagem de \u00f4nibus em Salvador"},"content":{"rendered":"\n<p>Um protesto contra o aumento da passagem de \u00f4nibus em Salvador que, nesta segunda (13\/11), saltou de R$ 4,90 para R$ 5,20, acontece na Avenida Sete de Setembro na manh\u00e3 desta ter\u00e7a-feira (14).<\/p>\n\n\n\n<p>A manifesta\u00e7\u00e3o, organizada pelo Movimento de Luta nos Bairros, Vilas e Favelas (MLB), pela Associa\u00e7\u00e3o Metropolitana dos Estudantes (AMES) e pela Unidade Popular (UP), est\u00e1 sendo realizada na frente da Ocupa\u00e7\u00e3o Carlos Marighella.<\/p>\n\n\n\n<figure class=\"wp-block-embed is-type-rich is-provider-twitter wp-block-embed-twitter\"><div class=\"wp-block-embed__wrapper\">\n<blockquote class=\"twitter-tweet\" data-width=\"500\" data-dnt=\"true\"><p lang=\"pt\" dir=\"ltr\">Grupo protesta na Av. Sete de Setembro devido ao aumento da passagem de \u00f4nibus em Salvador<a href=\"https:\/\/t.co\/LeUa9C4zGf\">https:\/\/t.co\/LeUa9C4zGf<\/a> <a href=\"https:\/\/t.co\/vWkcSFDG8t\">pic.twitter.com\/vWkcSFDG8t<\/a><\/p>&mdash; Aratu On (@aratuonline) <a href=\"https:\/\/twitter.com\/aratuonline\/status\/1724403141943116219?ref_src=twsrc%5Etfw\">November 14, 2023<\/a><\/blockquote><script async src=\"https:\/\/platform.twitter.com\/widgets.js\" charset=\"utf-8\"><\/script>\n<\/div><\/figure>\n\n\n\n<p>Os manifestantes queimaram pneus e est\u00e3o no local com faixas e bandeiras. Em um dos cartazes, h\u00e1 o an\u00fancio de um novo protesto, programado para acontecer na sexta-feira (17), \u00e0s 9h, no Campo da P\u00f3lvora.<\/p>\n\n\n\n<p>O an\u00fancio do aumento da passagem veio na \u00faltima sexta-feira (10), ap\u00f3s uma reuni\u00e3o entre o prefeito Bruno Reis (Uni\u00e3o) e o Sindicato dos Rodovi\u00e1rios, que estava em estado de greve desde o come\u00e7o da semana e com previs\u00e3o de parar nesta ter\u00e7a (14). A categoria argumentava que as empresas de \u00f4nibus descumpriam a Conven\u00e7\u00e3o Coletiva de Trabalho (CCT) ao fazer com que menores aprendizes exercessem a fun\u00e7\u00e3o de cobrador.<\/p>\n\n\n\n<p>Em coletiva de imprensa, o gestor afirmou que a nova tarifa ser\u00e1 v\u00e1lida at\u00e9 2024. Segundo ele, o reajuste foi de 6%, sendo 3% referente a 2023 e os outros 3% a 2024. Um novo reajuste entrar\u00e1 em vigor em 2025.<\/p>\n\n\n\n<p>Ainda de acordo o prefeito, a tarifa t\u00e9cnica (valor de custo) \u00e9 de R$ 5,50. Assim, os R$ 30 centavos de diferen\u00e7a ser\u00e3o arcados pela gest\u00e3o municipal. \u201cPela primeira vez na hist\u00f3ria de Salvador, vamos precisar arcar com o subs\u00eddio do transporte\u201d, disse.<\/p>\n\n\n\n<p>Durante a coletiva, Reis destacou que o reajuste tarif\u00e1rio estava previsto em contrato e deveria ter sido praticado desde janeiro deste ano, mas que foi postergado. \u201cA data \u00e9 sempre 1\u00ba de janeiro\u201d, acrescentou.<\/p>\n\n\n\n<p>Fonte: Aratu On <\/p>\n","protected":false},"excerpt":{"rendered":"<p>Um protesto contra o aumento da passagem de \u00f4nibus em Salvador que, nesta segunda (13\/11), saltou de R$ 4,90 para R$ 5,20, acontece na Avenida Sete de Setembro na manh\u00e3 desta ter\u00e7a-feira (14). A manifesta\u00e7\u00e3o, organizada pelo Movimento de Luta nos Bairros, Vilas e Favelas (MLB), pela Associa\u00e7\u00e3o Metropolitana dos Estudantes (AMES) e pela Unidade [&hellip;]<\/p>\n","protected":false},"author":2,"featured_media":5824,"comment_status":"open","ping_status":"open","sticky":false,"template":"","format":"standard","meta":{"footnotes":""},"categories":[85],"tags":[],"class_list":["post-5823","post","type-post","status-publish","format-standard","has-post-thumbnail","hentry","category-noticias"],"_links":{"self":[{"href":"https:\/\/suburbionoar.com.br\/index.php\/wp-json\/wp\/v2\/posts\/5823","targetHints":{"allow":["GET"]}}],"collection":[{"href":"https:\/\/suburbionoar.com.br\/index.php\/wp-json\/wp\/v2\/posts"}],"about":[{"href":"https:\/\/suburbionoar.com.br\/index.php\/wp-json\/wp\/v2\/types\/post"}],"author":[{"embeddable":true,"href":"https:\/\/suburbionoar.com.br\/index.php\/wp-json\/wp\/v2\/users\/2"}],"replies":[{"embeddable":true,"href":"https:\/\/suburbionoar.com.br\/index.php\/wp-json\/wp\/v2\/comments?post=5823"}],"version-history":[{"count":1,"href":"https:\/\/suburbionoar.com.br\/index.php\/wp-json\/wp\/v2\/posts\/5823\/revisions"}],"predecessor-version":[{"id":5825,"href":"https:\/\/suburbionoar.com.br\/index.php\/wp-json\/wp\/v2\/posts\/5823\/revisions\/5825"}],"wp:featuredmedia":[{"embeddable":true,"href":"https:\/\/suburbionoar.com.br\/index.php\/wp-json\/wp\/v2\/media\/5824"}],"wp:attachment":[{"href":"https:\/\/suburbionoar.com.br\/index.php\/wp-json\/wp\/v2\/media?parent=5823"}],"wp:term":[{"taxonomy":"category","embeddable":true,"href":"https:\/\/suburbionoar.com.br\/index.php\/wp-json\/wp\/v2\/categories?post=5823"},{"taxonomy":"post_tag","embeddable":true,"href":"https:\/\/suburbionoar.com.br\/index.php\/wp-json\/wp\/v2\/tags?post=5823"}],"curies":[{"name":"wp","href":"https:\/\/api.w.org\/{rel}","templated":true}]}}